{"id":2437,"date":"2023-05-30T17:56:34","date_gmt":"2023-05-30T17:56:34","guid":{"rendered":"https:\/\/leticialistening.com\/spaces-restorative-transitional-justice\/?p=2437"},"modified":"2023-05-30T17:58:08","modified_gmt":"2023-05-30T17:58:08","slug":"ortiz-juan-pablo-centre-of-memory-peace-and-reconciliation","status":"publish","type":"post","link":"https:\/\/leticialistening.com\/spaces-restorative-transitional-justice\/fr\/ortiz-juan-pablo-centre-of-memory-peace-and-reconciliation\/","title":{"rendered":"Ortiz, Juan Pablo \u2013 Centre of Memory, Peace and Reconciliation"},"content":{"rendered":"<div data-elementor-type=\"wp-post\" data-elementor-id=\"2437\" class=\"elementor elementor-2437\" data-elementor-post-type=\"post\">\n\t\t\t\t<div class=\"elementor-element elementor-element-9c7a4be e-flex e-con-boxed e-con e-parent\" data-id=\"9c7a4be\" data-element_type=\"container\" data-e-type=\"container\" data-settings=\"{&quot;background_background&quot;:&quot;classic&quot;}\">\n\t\t\t\t\t<div class=\"e-con-inner\">\n\t\t\t\t<div class=\"elementor-element elementor-element-52d3e400 elementor-widget elementor-widget-text-editor\" data-id=\"52d3e400\" data-element_type=\"widget\" data-e-type=\"widget\" data-widget_type=\"text-editor.default\">\n\t\t\t\t\t\t\t\t\t<p>Entrevues<\/p>\t\t\t\t\t\t\t\t<\/div>\n\t\t\t\t<div class=\"elementor-element elementor-element-7a07d3d7 elementor-widget elementor-widget-heading\" data-id=\"7a07d3d7\" data-element_type=\"widget\" data-e-type=\"widget\" data-widget_type=\"heading.default\">\n\t\t\t\t\t<h1 class=\"elementor-heading-title elementor-size-default\">Ortiz, Juan Pablo \u2013 Centre of Memory, Peace and Reconciliation<\/h1>\t\t\t\t<\/div>\n\t\t\t\t\t<\/div>\n\t\t\t\t<\/div>\n\t\t<div class=\"elementor-element elementor-element-45f06300 e-flex e-con-boxed e-con e-parent\" data-id=\"45f06300\" data-element_type=\"container\" data-e-type=\"container\">\n\t\t\t\t\t<div class=\"e-con-inner\">\n\t\t\t\t<div class=\"elementor-element elementor-element-2b86b56a elementor-widget elementor-widget-video\" data-id=\"2b86b56a\" data-element_type=\"widget\" data-e-type=\"widget\" data-settings=\"{&quot;video_type&quot;:&quot;vimeo&quot;}\" data-widget_type=\"video.default\">\n\t\t\t\t\t\t\t<div class=\"elementor-wrapper elementor-open-inline\">\n\t\t\t<iframe class=\"elementor-video-iframe\" allowfullscreen allow=\"clipboard-write\" title=\"vimeo Video Player\" src=\"https:\/\/player.vimeo.com\/video\/680077388?color&amp;autopause=0&amp;loop=0&amp;muted=0&amp;title=1&amp;portrait=1&amp;byline=1#t=\"><\/iframe>\t\t<\/div>\n\t\t\t\t\t\t<\/div>\n\t\t\t\t\t<\/div>\n\t\t\t\t<\/div>\n\t\t<div class=\"elementor-element elementor-element-20a2d94d e-flex e-con-boxed e-con e-parent\" data-id=\"20a2d94d\" data-element_type=\"container\" data-e-type=\"container\">\n\t\t\t\t\t<div class=\"e-con-inner\">\n\t\t\t\t<div class=\"elementor-element elementor-element-6ccdd566 elementor-widget elementor-widget-text-editor\" data-id=\"6ccdd566\" data-element_type=\"widget\" data-e-type=\"widget\" data-widget_type=\"text-editor.default\">\n\t\t\t\t\t\t\t\t\t<p><strong>Juan Pablo Ortiz<\/strong><br \/><strong>Intervieweur\u00b7euse:\u00a0<\/strong>Marcela Torres Molano<br \/><strong>Langue de l'entretien:\u00a0<\/strong>Espagnol<br \/><strong>Pays de pratique:\u00a0<\/strong>Colombie<br \/><strong>Profession des participant\u00b7e\u00b7s:\u00a0<\/strong>Architecte<\/p><p>Juan Pablo Ortiz est le fondateur et directeur de Juan Pablo Ortiz Arquitectos, un studio \u00e0 Bogot\u00e1, responsable de la conception et de la construction du Centre M\u00e9moire, Paix et R\u00e9conciliation. Selon Ortiz, dans un contexte de justice transitionnelle, l'architecture doit contribuer \u00e0 cr\u00e9er des espaces de r\u00e9conciliation significatifs et de meilleure qualit\u00e9, en plus de promouvoir des actions symboliques qui donnent de nouvelles significations au lieu. Il fait une distinction entre les m\u00e9moriaux et les monuments et explique comment les m\u00e9moriaux sont ceux qui g\u00e9n\u00e8rent des relations actives avec la communaut\u00e9, permettant la cr\u00e9ation et la pr\u00e9servation de rituels de m\u00e9moire.\u00a0<\/p><p>Au cours de notre conversation, Ortiz nous parle des principales caract\u00e9ristiques conceptuelles et spatiales du Centre de la M\u00e9moire, ainsi que de l'importance de l'action symbolique aupr\u00e8s des survivants. Il raconte comment la propri\u00e9t\u00e9 fonci\u00e8re a \u00e9t\u00e9 le principal d\u00e9clencheur du conflit en Colombie et explique que c'est la raison pour laquelle ils ont choisi la terre comme \u00e9l\u00e9ment principal des actions de r\u00e9conciliation sociale, mises en \u0153uvre au d\u00e9but du projet. Selon Ortiz, le principal probl\u00e8me \u00e9thique de l'architecture de m\u00e9moire est de comprendre la nature publique du b\u00e2timent et la responsabilit\u00e9 de servir toute une communaut\u00e9. Pour lui, toute forme architecturale de m\u00e9moire doit servir les int\u00e9r\u00eats de la collectivit\u00e9 et permettre une relation directe avec l'espace public pour favoriser le dialogue collectif.\u00a0<\/p><p>Il d\u00e9crit \u00e9galement comment le projet a g\u00e9n\u00e9r\u00e9 le d\u00e9veloppement de relations communautaires avec le milieu environnant, ce qui a permis de transformer le b\u00e2timent en lieu. Enfin, il parle de l'importance du silence dans les espaces de m\u00e9moire, expliquant comment le silence a \u00e9t\u00e9 la base pour g\u00e9n\u00e9rer des relations communautaires et le dialogue depuis les temps anciens. Il d\u00e9crit comment l'un des principaux objectifs du projet \u00e9tait de cr\u00e9er un espace de silence qui donnerait lieu \u00e0 des dialogues harmonieux et \u00e0 des paroles de r\u00e9conciliation.<\/p>\t\t\t\t\t\t\t\t<\/div>\n\t\t\t\t\t<\/div>\n\t\t\t\t<\/div>\n\t\t<div class=\"elementor-element elementor-element-48b9e149 e-con-full e-flex e-con e-parent\" data-id=\"48b9e149\" data-element_type=\"container\" data-e-type=\"container\">\n\t\t<div class=\"elementor-element elementor-element-297673ec e-flex e-con-boxed e-con e-parent\" data-id=\"297673ec\" data-element_type=\"container\" data-e-type=\"container\">\n\t\t\t\t\t<div class=\"e-con-inner\">\n\t\t\t\t<div class=\"elementor-element elementor-element-1ef587e7 elementor-share-buttons--skin-minimal elementor-share-buttons--shape-circle elementor-share-buttons--color-custom elementor-share-buttons--view-icon-text elementor-grid-0 elementor-widget elementor-widget-share-buttons\" data-id=\"1ef587e7\" data-element_type=\"widget\" data-e-type=\"widget\" data-widget_type=\"share-buttons.default\">\n\t\t\t\t\t\t\t<div class=\"elementor-grid\" role=\"list\">\n\t\t\t\t\t\t\t\t<div class=\"elementor-grid-item\" role=\"listitem\">\n\t\t\t\t\t\t<div class=\"elementor-share-btn elementor-share-btn_facebook\" role=\"button\" tabindex=\"0\" aria-label=\"Share on facebook\">\n\t\t\t\t\t\t\t\t\t\t\t\t\t\t\t<span class=\"elementor-share-btn__icon\">\n\t\t\t\t\t\t\t\t<svg aria-hidden=\"true\" class=\"e-font-icon-svg e-fab-facebook\" viewbox=\"0 0 512 512\" xmlns=\"http:\/\/www.w3.org\/2000\/svg\"><path d=\"M504 256C504 119 393 8 256 8S8 119 8 256c0 123.78 90.69 226.38 209.25 245V327.69h-63V256h63v-54.64c0-62.15 37-96.48 93.67-96.48 27.14 0 55.52 4.84 55.52 4.84v61h-31.28c-30.8 0-40.41 19.12-40.41 38.73V256h68.78l-11 71.69h-57.78V501C413.31 482.38 504 379.78 504 256z\"><\/path><\/svg>\t\t\t\t\t\t\t<\/span>\n\t\t\t\t\t\t\t\t\t\t\t\t\t\t\t\t\t\t\t\t\t\t<div class=\"elementor-share-btn__text\">\n\t\t\t\t\t\t\t\t\t\t\t\t\t\t\t\t\t\t\t<span class=\"elementor-share-btn__title\">\n\t\t\t\t\t\t\t\t\t\tPartagez ceci\t\t\t\t\t\t\t\t\t<\/span>\n\t\t\t\t\t\t\t\t\t\t\t\t\t\t\t\t\t<\/div>\n\t\t\t\t\t\t\t\t\t\t\t\t\t<\/div>\n\t\t\t\t\t<\/div>\n\t\t\t\t\t\t\t\t\t<div class=\"elementor-grid-item\" role=\"listitem\">\n\t\t\t\t\t\t<div class=\"elementor-share-btn elementor-share-btn_twitter\" role=\"button\" tabindex=\"0\" aria-label=\"Share on twitter\">\n\t\t\t\t\t\t\t\t\t\t\t\t\t\t\t<span class=\"elementor-share-btn__icon\">\n\t\t\t\t\t\t\t\t<svg aria-hidden=\"true\" class=\"e-font-icon-svg e-fab-twitter\" viewbox=\"0 0 512 512\" xmlns=\"http:\/\/www.w3.org\/2000\/svg\"><path d=\"M459.37 151.716c.325 4.548.325 9.097.325 13.645 0 138.72-105.583 298.558-298.558 298.558-59.452 0-114.68-17.219-161.137-47.106 8.447.974 16.568 1.299 25.34 1.299 49.055 0 94.213-16.568 130.274-44.832-46.132-.975-84.792-31.188-98.112-72.772 6.498.974 12.995 1.624 19.818 1.624 9.421 0 18.843-1.3 27.614-3.573-48.081-9.747-84.143-51.98-84.143-102.985v-1.299c13.969 7.797 30.214 12.67 47.431 13.319-28.264-18.843-46.781-51.005-46.781-87.391 0-19.492 5.197-37.36 14.294-52.954 51.655 63.675 129.3 105.258 216.365 109.807-1.624-7.797-2.599-15.918-2.599-24.04 0-57.828 46.782-104.934 104.934-104.934 30.213 0 57.502 12.67 76.67 33.137 23.715-4.548 46.456-13.32 66.599-25.34-7.798 24.366-24.366 44.833-46.132 57.827 21.117-2.273 41.584-8.122 60.426-16.243-14.292 20.791-32.161 39.308-52.628 54.253z\"><\/path><\/svg>\t\t\t\t\t\t\t<\/span>\n\t\t\t\t\t\t\t\t\t\t\t\t\t\t\t\t\t\t\t\t\t\t<div class=\"elementor-share-btn__text\">\n\t\t\t\t\t\t\t\t\t\t\t\t\t\t\t\t\t\t\t<span class=\"elementor-share-btn__title\">\n\t\t\t\t\t\t\t\t\t\tTweet \u00e7a\t\t\t\t\t\t\t\t\t<\/span>\n\t\t\t\t\t\t\t\t\t\t\t\t\t\t\t\t\t<\/div>\n\t\t\t\t\t\t\t\t\t\t\t\t\t<\/div>\n\t\t\t\t\t<\/div>\n\t\t\t\t\t\t\t\t\t<div class=\"elementor-grid-item\" role=\"listitem\">\n\t\t\t\t\t\t<div class=\"elementor-share-btn elementor-share-btn_email\" role=\"button\" tabindex=\"0\" aria-label=\"Share on email\">\n\t\t\t\t\t\t\t\t\t\t\t\t\t\t\t<span class=\"elementor-share-btn__icon\">\n\t\t\t\t\t\t\t\t<svg aria-hidden=\"true\" class=\"e-font-icon-svg e-fas-envelope\" viewbox=\"0 0 512 512\" xmlns=\"http:\/\/www.w3.org\/2000\/svg\"><path d=\"M502.3 190.8c3.9-3.1 9.7-.2 9.7 4.7V400c0 26.5-21.5 48-48 48H48c-26.5 0-48-21.5-48-48V195.6c0-5 5.7-7.8 9.7-4.7 22.4 17.4 52.1 39.5 154.1 113.6 21.1 15.4 56.7 47.8 92.2 47.6 35.7.3 72-32.8 92.3-47.6 102-74.1 131.6-96.3 154-113.7zM256 320c23.2.4 56.6-29.2 73.4-41.4 132.7-96.3 142.8-104.7 173.4-128.7 5.8-4.5 9.2-11.5 9.2-18.9v-19c0-26.5-21.5-48-48-48H48C21.5 64 0 85.5 0 112v19c0 7.4 3.4 14.3 9.2 18.9 30.6 23.9 40.7 32.4 173.4 128.7 16.8 12.2 50.2 41.8 73.4 41.4z\"><\/path><\/svg>\t\t\t\t\t\t\t<\/span>\n\t\t\t\t\t\t\t\t\t\t\t\t\t\t\t\t\t\t\t\t\t\t<div class=\"elementor-share-btn__text\">\n\t\t\t\t\t\t\t\t\t\t\t\t\t\t\t\t\t\t\t<span class=\"elementor-share-btn__title\">\n\t\t\t\t\t\t\t\t\t\tEnvoyez ceci par e-mail\t\t\t\t\t\t\t\t\t<\/span>\n\t\t\t\t\t\t\t\t\t\t\t\t\t\t\t\t\t<\/div>\n\t\t\t\t\t\t\t\t\t\t\t\t\t<\/div>\n\t\t\t\t\t<\/div>\n\t\t\t\t\t\t<\/div>\n\t\t\t\t\t\t<\/div>\n\t\t\t\t\t<\/div>\n\t\t\t\t<\/div>\n\t\t\t\t<\/div>\n\t\t<div class=\"elementor-element elementor-element-708eac5 e-con-full e-flex e-con e-parent\" data-id=\"708eac5\" data-element_type=\"container\" data-e-type=\"container\" data-settings=\"{&quot;background_background&quot;:&quot;classic&quot;}\">\n\t\t\t\t<div class=\"elementor-element elementor-element-29acde75 elementor-widget elementor-widget-heading\" data-id=\"29acde75\" data-element_type=\"widget\" data-e-type=\"widget\" data-widget_type=\"heading.default\">\n\t\t\t\t\t<h1 class=\"elementor-heading-title elementor-size-default\">Entrevues<\/h1>\t\t\t\t<\/div>\n\t\t\t\t<div class=\"elementor-element elementor-element-19225a63 e-n-tabs-mobile elementor-widget elementor-widget-n-tabs\" data-id=\"19225a63\" data-element_type=\"widget\" data-e-type=\"widget\" data-settings=\"{&quot;tabs_justify_horizontal&quot;:&quot;center&quot;,&quot;horizontal_scroll&quot;:&quot;disable&quot;}\" data-widget_type=\"nested-tabs.default\">\n\t\t\t\t\t\t\t<div class=\"e-n-tabs\" data-widget-number=\"421681763\" aria-label=\"Tabs. Open items with Enter or Space, close with Escape and navigate using the Arrow keys.\">\n\t\t\t<div class=\"e-n-tabs-heading\" role=\"tablist\">\n\t\t\t\t\t<button id=\"e-n-tab-title-4216817631\" data-tab-title-id=\"e-n-tab-title-4216817631\" class=\"e-n-tab-title\" aria-selected=\"true\" data-tab-index=\"1\" role=\"tab\" tabindex=\"0\" aria-controls=\"e-n-tab-content-4216817631\" style=\"--n-tabs-title-order: 1;\">\n\t\t\t\t\t\t<span class=\"e-n-tab-title-text\">\n\t\t\t\tColombie\t\t\t<\/span>\n\t\t<\/button>\n\t\t\t\t<button id=\"e-n-tab-title-4216817632\" data-tab-title-id=\"e-n-tab-title-4216817632\" class=\"e-n-tab-title\" aria-selected=\"false\" data-tab-index=\"2\" role=\"tab\" tabindex=\"-1\" aria-controls=\"e-n-tab-content-4216817632\" style=\"--n-tabs-title-order: 2;\">\n\t\t\t\t\t\t<span class=\"e-n-tab-title-text\">\n\t\t\t\tAustralie\t\t\t<\/span>\n\t\t<\/button>\n\t\t\t\t<button id=\"e-n-tab-title-4216817633\" data-tab-title-id=\"e-n-tab-title-4216817633\" class=\"e-n-tab-title\" aria-selected=\"false\" data-tab-index=\"3\" role=\"tab\" tabindex=\"-1\" aria-controls=\"e-n-tab-content-4216817633\" style=\"--n-tabs-title-order: 3;\">\n\t\t\t\t\t\t<span class=\"e-n-tab-title-text\">\n\t\t\t\tCanada\t\t\t<\/span>\n\t\t<\/button>\n\t\t\t\t<button id=\"e-n-tab-title-4216817634\" data-tab-title-id=\"e-n-tab-title-4216817634\" class=\"e-n-tab-title\" aria-selected=\"false\" data-tab-index=\"4\" role=\"tab\" tabindex=\"-1\" aria-controls=\"e-n-tab-content-4216817634\" style=\"--n-tabs-title-order: 4;\">\n\t\t\t\t\t\t<span class=\"e-n-tab-title-text\">\n\t\t\t\tFrance\t\t\t<\/span>\n\t\t<\/button>\n\t\t\t\t<button id=\"e-n-tab-title-4216817635\" data-tab-title-id=\"e-n-tab-title-4216817635\" class=\"e-n-tab-title\" aria-selected=\"false\" data-tab-index=\"5\" role=\"tab\" tabindex=\"-1\" aria-controls=\"e-n-tab-content-4216817635\" style=\"--n-tabs-title-order: 5;\">\n\t\t\t\t\t\t<span class=\"e-n-tab-title-text\">\n\t\t\t\tNouvelle-Z\u00e9lande\t\t\t<\/span>\n\t\t<\/button>\n\t\t\t\t<button id=\"e-n-tab-title-4216817636\" data-tab-title-id=\"e-n-tab-title-4216817636\" class=\"e-n-tab-title\" aria-selected=\"false\" data-tab-index=\"6\" role=\"tab\" tabindex=\"-1\" aria-controls=\"e-n-tab-content-4216817636\" style=\"--n-tabs-title-order: 6;\">\n\t\t\t\t\t\t<span class=\"e-n-tab-title-text\">\n\t\t\t\t\u00c9tats Unis\t\t\t<\/span>\n\t\t<\/button>\n\t\t\t\t\t<\/div>\n\t\t\t<div class=\"e-n-tabs-content\">\n\t\t\t\t<div id=\"e-n-tab-content-4216817631\" role=\"tabpanel\" aria-labelledby=\"e-n-tab-title-4216817631\" data-tab-index=\"1\" style=\"--n-tabs-title-order: 1;\" class=\"e-active elementor-element elementor-element-2ee04bf9 e-flex e-con-boxed e-con e-parent\" data-id=\"2ee04bf9\" data-element_type=\"container\" data-e-type=\"container\">\n\t\t\t\t\t<div class=\"e-con-inner\">\n\t\t\t\t<div class=\"elementor-element elementor-element-2832f482 elementor-posts__hover-none elementor-grid-3 elementor-grid-tablet-2 elementor-grid-mobile-1 elementor-posts--thumbnail-top elementor-widget elementor-widget-posts\" data-id=\"2832f482\" data-element_type=\"widget\" data-e-type=\"widget\" data-settings=\"{&quot;pagination_type&quot;:&quot;load_more_infinite_scroll&quot;,&quot;cards_masonry&quot;:&quot;yes&quot;,&quot;cards_columns&quot;:&quot;3&quot;,&quot;cards_columns_tablet&quot;:&quot;2&quot;,&quot;cards_columns_mobile&quot;:&quot;1&quot;,&quot;cards_row_gap&quot;:{&quot;unit&quot;:&quot;px&quot;,&quot;size&quot;:35,&quot;sizes&quot;:[]},&quot;cards_row_gap_tablet&quot;:{&quot;unit&quot;:&quot;px&quot;,&quot;size&quot;:&quot;&quot;,&quot;sizes&quot;:[]},&quot;cards_row_gap_mobile&quot;:{&quot;unit&quot;:&quot;px&quot;,&quot;size&quot;:&quot;&quot;,&quot;sizes&quot;:[]},&quot;load_more_spinner&quot;:{&quot;value&quot;:&quot;fas fa-spinner&quot;,&quot;library&quot;:&quot;fa-solid&quot;}}\" data-widget_type=\"posts.cards\">\n\t\t\t\t<div class=\"elementor-widget-container\">\n\t\t\t\t\t\t\t<div class=\"elementor-posts-container elementor-posts elementor-posts--skin-cards elementor-grid\" role=\"list\">\n\t\t\t\t<article class=\"elementor-post elementor-grid-item post-2464 post type-post status-publish format-standard has-post-thumbnail hentry category-colombia category-interviews\" role=\"listitem\">\n\t\t\t<div class=\"elementor-post__card\">\n\t\t\t\t<a class=\"elementor-post__thumbnail__link\" href=\"https:\/\/leticialistening.com\/spaces-restorative-transitional-justice\/fr\/viana-andree-lawyer\/\" tabindex=\"-1\" ><div class=\"elementor-post__thumbnail\"><img fetchpriority=\"high\" decoding=\"async\" width=\"300\" height=\"172\" src=\"https:\/\/leticialistening.com\/spaces-restorative-transitional-justice\/wp-content\/uploads\/sites\/2\/2023\/05\/Viana-Andree-300x172.png\" class=\"attachment-medium size-medium wp-image-2428\" alt=\"\" srcset=\"https:\/\/leticialistening.com\/spaces-restorative-transitional-justice\/wp-content\/uploads\/sites\/2\/2023\/05\/Viana-Andree-300x172.png 300w, https:\/\/leticialistening.com\/spaces-restorative-transitional-justice\/wp-content\/uploads\/sites\/2\/2023\/05\/Viana-Andree-18x10.png 18w, https:\/\/leticialistening.com\/spaces-restorative-transitional-justice\/wp-content\/uploads\/sites\/2\/2023\/05\/Viana-Andree.png 700w\" sizes=\"(max-width: 300px) 100vw, 300px\" \/><\/div><\/a>\n\t\t\t\t<div class=\"elementor-post__badge\">Colombie<\/div>\n\t\t\t\t<div class=\"elementor-post__text\">\n\t\t\t\t<h2 class=\"elementor-post__title\">\n\t\t\t<a href=\"https:\/\/leticialistening.com\/spaces-restorative-transitional-justice\/fr\/viana-andree-lawyer\/\" >\n\t\t\t\tViana, Andree \u2013 Avocate\t\t\t<\/a>\n\t\t<\/h2>\n\t\t\n\t\t<a class=\"elementor-post__read-more\" href=\"https:\/\/leticialistening.com\/spaces-restorative-transitional-justice\/fr\/viana-andree-lawyer\/\" aria-label=\"En savoir plus sur Viana, Andree \u2013 Lawyer\" tabindex=\"-1\" >\n\t\t\tEn savoir plus \u00bb\t\t<\/a>\n\n\t\t\t\t<\/div>\n\t\t\t\t\t<\/div>\n\t\t<\/article>\n\t\t\t\t<article class=\"elementor-post elementor-grid-item post-2455 post type-post status-publish format-standard has-post-thumbnail hentry category-colombia category-interviews\" role=\"listitem\">\n\t\t\t<div class=\"elementor-post__card\">\n\t\t\t\t<a class=\"elementor-post__thumbnail__link\" href=\"https:\/\/leticialistening.com\/spaces-restorative-transitional-justice\/fr\/sarmiento-alvarez-bibiana-ximena-law-professor\/\" tabindex=\"-1\" ><div class=\"elementor-post__thumbnail\"><img decoding=\"async\" width=\"300\" height=\"172\" src=\"https:\/\/leticialistening.com\/spaces-restorative-transitional-justice\/wp-content\/uploads\/sites\/2\/2023\/05\/Sarmiento-Bibiana-300x172.png\" class=\"attachment-medium size-medium wp-image-2427\" alt=\"\" srcset=\"https:\/\/leticialistening.com\/spaces-restorative-transitional-justice\/wp-content\/uploads\/sites\/2\/2023\/05\/Sarmiento-Bibiana-300x172.png 300w, https:\/\/leticialistening.com\/spaces-restorative-transitional-justice\/wp-content\/uploads\/sites\/2\/2023\/05\/Sarmiento-Bibiana-18x10.png 18w, https:\/\/leticialistening.com\/spaces-restorative-transitional-justice\/wp-content\/uploads\/sites\/2\/2023\/05\/Sarmiento-Bibiana.png 700w\" sizes=\"(max-width: 300px) 100vw, 300px\" \/><\/div><\/a>\n\t\t\t\t<div class=\"elementor-post__badge\">Colombie<\/div>\n\t\t\t\t<div class=\"elementor-post__text\">\n\t\t\t\t<h2 class=\"elementor-post__title\">\n\t\t\t<a href=\"https:\/\/leticialistening.com\/spaces-restorative-transitional-justice\/fr\/sarmiento-alvarez-bibiana-ximena-law-professor\/\" >\n\t\t\t\tSarmiento \u00c1lvarez, Bibiana Ximena \u2013 Professeure de droit\t\t\t<\/a>\n\t\t<\/h2>\n\t\t\n\t\t<a class=\"elementor-post__read-more\" href=\"https:\/\/leticialistening.com\/spaces-restorative-transitional-justice\/fr\/sarmiento-alvarez-bibiana-ximena-law-professor\/\" aria-label=\"En savoir plus sur Sarmiento \u00c1lvarez, Bibiana Ximena \u2013 Law professor\" tabindex=\"-1\" >\n\t\t\tEn savoir plus \u00bb\t\t<\/a>\n\n\t\t\t\t<\/div>\n\t\t\t\t\t<\/div>\n\t\t<\/article>\n\t\t\t\t<article class=\"elementor-post elementor-grid-item post-2446 post type-post status-publish format-standard has-post-thumbnail hentry category-colombia category-interviews\" role=\"listitem\">\n\t\t\t<div class=\"elementor-post__card\">\n\t\t\t\t<a class=\"elementor-post__thumbnail__link\" href=\"https:\/\/leticialistening.com\/spaces-restorative-transitional-justice\/fr\/pearson-de-gonzalez-annette-community-justice-houses\/\" tabindex=\"-1\" ><div class=\"elementor-post__thumbnail\"><img decoding=\"async\" width=\"300\" height=\"172\" src=\"https:\/\/leticialistening.com\/spaces-restorative-transitional-justice\/wp-content\/uploads\/sites\/2\/2023\/05\/Pearson-de-Gonzalez-Annette-300x172.png\" class=\"attachment-medium size-medium wp-image-2426\" alt=\"\" srcset=\"https:\/\/leticialistening.com\/spaces-restorative-transitional-justice\/wp-content\/uploads\/sites\/2\/2023\/05\/Pearson-de-Gonzalez-Annette-300x172.png 300w, https:\/\/leticialistening.com\/spaces-restorative-transitional-justice\/wp-content\/uploads\/sites\/2\/2023\/05\/Pearson-de-Gonzalez-Annette-18x10.png 18w, https:\/\/leticialistening.com\/spaces-restorative-transitional-justice\/wp-content\/uploads\/sites\/2\/2023\/05\/Pearson-de-Gonzalez-Annette.png 700w\" sizes=\"(max-width: 300px) 100vw, 300px\" \/><\/div><\/a>\n\t\t\t\t<div class=\"elementor-post__badge\">Colombie<\/div>\n\t\t\t\t<div class=\"elementor-post__text\">\n\t\t\t\t<h2 class=\"elementor-post__title\">\n\t\t\t<a href=\"https:\/\/leticialistening.com\/spaces-restorative-transitional-justice\/fr\/pearson-de-gonzalez-annette-community-justice-houses\/\" >\n\t\t\t\tPearson de Gonz\u00e1lez, Annette \u2013 Community Justice Houses\t\t\t<\/a>\n\t\t<\/h2>\n\t\t\n\t\t<a class=\"elementor-post__read-more\" href=\"https:\/\/leticialistening.com\/spaces-restorative-transitional-justice\/fr\/pearson-de-gonzalez-annette-community-justice-houses\/\" aria-label=\"En savoir plus sur Pearson de Gonz\u00e1lez, Annette \u2013 Community Justice Houses\" tabindex=\"-1\" >\n\t\t\tEn savoir plus \u00bb\t\t<\/a>\n\n\t\t\t\t<\/div>\n\t\t\t\t\t<\/div>\n\t\t<\/article>\n\t\t\t\t<article class=\"elementor-post elementor-grid-item post-2437 post type-post status-publish format-standard has-post-thumbnail hentry category-colombia category-interviews\" role=\"listitem\">\n\t\t\t<div class=\"elementor-post__card\">\n\t\t\t\t<a class=\"elementor-post__thumbnail__link\" href=\"https:\/\/leticialistening.com\/spaces-restorative-transitional-justice\/fr\/ortiz-juan-pablo-centre-of-memory-peace-and-reconciliation\/\" tabindex=\"-1\" ><div class=\"elementor-post__thumbnail\"><img loading=\"lazy\" decoding=\"async\" width=\"300\" height=\"172\" src=\"https:\/\/leticialistening.com\/spaces-restorative-transitional-justice\/wp-content\/uploads\/sites\/2\/2023\/05\/Ortiz-Juan-Pablo-Centre-of-memory-300x172.png\" class=\"attachment-medium size-medium wp-image-2425\" alt=\"\" srcset=\"https:\/\/leticialistening.com\/spaces-restorative-transitional-justice\/wp-content\/uploads\/sites\/2\/2023\/05\/Ortiz-Juan-Pablo-Centre-of-memory-300x172.png 300w, https:\/\/leticialistening.com\/spaces-restorative-transitional-justice\/wp-content\/uploads\/sites\/2\/2023\/05\/Ortiz-Juan-Pablo-Centre-of-memory-18x10.png 18w, https:\/\/leticialistening.com\/spaces-restorative-transitional-justice\/wp-content\/uploads\/sites\/2\/2023\/05\/Ortiz-Juan-Pablo-Centre-of-memory.png 700w\" sizes=\"(max-width: 300px) 100vw, 300px\" \/><\/div><\/a>\n\t\t\t\t<div class=\"elementor-post__badge\">Colombie<\/div>\n\t\t\t\t<div class=\"elementor-post__text\">\n\t\t\t\t<h2 class=\"elementor-post__title\">\n\t\t\t<a href=\"https:\/\/leticialistening.com\/spaces-restorative-transitional-justice\/fr\/ortiz-juan-pablo-centre-of-memory-peace-and-reconciliation\/\" >\n\t\t\t\tOrtiz, Juan Pablo \u2013 Centre of Memory, Peace and Reconciliation\t\t\t<\/a>\n\t\t<\/h2>\n\t\t\n\t\t<a class=\"elementor-post__read-more\" href=\"https:\/\/leticialistening.com\/spaces-restorative-transitional-justice\/fr\/ortiz-juan-pablo-centre-of-memory-peace-and-reconciliation\/\" aria-label=\"En savoir plus sur Ortiz, Juan Pablo \u2013 Centre of Memory, Peace and Reconciliation\" tabindex=\"-1\" >\n\t\t\tEn savoir plus \u00bb\t\t<\/a>\n\n\t\t\t\t<\/div>\n\t\t\t\t\t<\/div>\n\t\t<\/article>\n\t\t\t\t<article class=\"elementor-post elementor-grid-item post-2420 post type-post status-publish format-standard has-post-thumbnail hentry category-colombia category-interviews\" role=\"listitem\">\n\t\t\t<div class=\"elementor-post__card\">\n\t\t\t\t<a class=\"elementor-post__thumbnail__link\" href=\"https:\/\/leticialistening.com\/spaces-restorative-transitional-justice\/fr\/medellin-carlos-architect\/\" tabindex=\"-1\" ><div class=\"elementor-post__thumbnail\"><img loading=\"lazy\" decoding=\"async\" width=\"300\" height=\"172\" src=\"https:\/\/leticialistening.com\/spaces-restorative-transitional-justice\/wp-content\/uploads\/sites\/2\/2023\/05\/Medellin-Carlos-300x172.png\" class=\"attachment-medium size-medium wp-image-2424\" alt=\"\" srcset=\"https:\/\/leticialistening.com\/spaces-restorative-transitional-justice\/wp-content\/uploads\/sites\/2\/2023\/05\/Medellin-Carlos-300x172.png 300w, https:\/\/leticialistening.com\/spaces-restorative-transitional-justice\/wp-content\/uploads\/sites\/2\/2023\/05\/Medellin-Carlos-18x10.png 18w, https:\/\/leticialistening.com\/spaces-restorative-transitional-justice\/wp-content\/uploads\/sites\/2\/2023\/05\/Medellin-Carlos.png 700w\" sizes=\"(max-width: 300px) 100vw, 300px\" \/><\/div><\/a>\n\t\t\t\t<div class=\"elementor-post__badge\">Colombie<\/div>\n\t\t\t\t<div class=\"elementor-post__text\">\n\t\t\t\t<h2 class=\"elementor-post__title\">\n\t\t\t<a href=\"https:\/\/leticialistening.com\/spaces-restorative-transitional-justice\/fr\/medellin-carlos-architect\/\" >\n\t\t\t\tMedell\u00edn, Carlos \u2013 Architecte\t\t\t<\/a>\n\t\t<\/h2>\n\t\t\n\t\t<a class=\"elementor-post__read-more\" href=\"https:\/\/leticialistening.com\/spaces-restorative-transitional-justice\/fr\/medellin-carlos-architect\/\" aria-label=\"En savoir plus sur Medell\u00edn, Carlos \u2013 Architect\" tabindex=\"-1\" >\n\t\t\tEn savoir plus \u00bb\t\t<\/a>\n\n\t\t\t\t<\/div>\n\t\t\t\t\t<\/div>\n\t\t<\/article>\n\t\t\t\t<article class=\"elementor-post elementor-grid-item post-2410 post type-post status-publish format-standard has-post-thumbnail hentry category-colombia category-interviews\" role=\"listitem\">\n\t\t\t<div class=\"elementor-post__card\">\n\t\t\t\t<a class=\"elementor-post__thumbnail__link\" href=\"https:\/\/leticialistening.com\/spaces-restorative-transitional-justice\/fr\/maya-farihd-architect\/\" tabindex=\"-1\" ><div class=\"elementor-post__thumbnail\"><img loading=\"lazy\" decoding=\"async\" width=\"300\" height=\"172\" src=\"https:\/\/leticialistening.com\/spaces-restorative-transitional-justice\/wp-content\/uploads\/sites\/2\/2023\/05\/Maya-Farihd-300x172.png\" class=\"attachment-medium size-medium wp-image-2411\" alt=\"\" srcset=\"https:\/\/leticialistening.com\/spaces-restorative-transitional-justice\/wp-content\/uploads\/sites\/2\/2023\/05\/Maya-Farihd-300x172.png 300w, https:\/\/leticialistening.com\/spaces-restorative-transitional-justice\/wp-content\/uploads\/sites\/2\/2023\/05\/Maya-Farihd-18x10.png 18w, https:\/\/leticialistening.com\/spaces-restorative-transitional-justice\/wp-content\/uploads\/sites\/2\/2023\/05\/Maya-Farihd.png 700w\" sizes=\"(max-width: 300px) 100vw, 300px\" \/><\/div><\/a>\n\t\t\t\t<div class=\"elementor-post__badge\">Colombie<\/div>\n\t\t\t\t<div class=\"elementor-post__text\">\n\t\t\t\t<h2 class=\"elementor-post__title\">\n\t\t\t<a href=\"https:\/\/leticialistening.com\/spaces-restorative-transitional-justice\/fr\/maya-farihd-architect\/\" >\n\t\t\t\tMaya, Farihd \u2013 Architecte\t\t\t<\/a>\n\t\t<\/h2>\n\t\t\n\t\t<a class=\"elementor-post__read-more\" href=\"https:\/\/leticialistening.com\/spaces-restorative-transitional-justice\/fr\/maya-farihd-architect\/\" aria-label=\"En savoir plus sur Maya, Farihd \u2013 Architect\" tabindex=\"-1\" >\n\t\t\tEn savoir plus \u00bb\t\t<\/a>\n\n\t\t\t\t<\/div>\n\t\t\t\t\t<\/div>\n\t\t<\/article>\n\t\t\t\t<\/div>\n\t\t\t\t\t<span class=\"e-load-more-spinner\">\n\t\t\t\t<svg aria-hidden=\"true\" class=\"e-font-icon-svg e-fas-spinner\" viewbox=\"0 0 512 512\" xmlns=\"http:\/\/www.w3.org\/2000\/svg\"><path d=\"M304 48c0 26.51-21.49 48-48 48s-48-21.49-48-48 21.49-48 48-48 48 21.49 48 48zm-48 368c-26.51 0-48 21.49-48 48s21.49 48 48 48 48-21.49 48-48-21.49-48-48-48zm208-208c-26.51 0-48 21.49-48 48s21.49 48 48 48 48-21.49 48-48-21.49-48-48-48zM96 256c0-26.51-21.49-48-48-48S0 229.49 0 256s21.49 48 48 48 48-21.49 48-48zm12.922 99.078c-26.51 0-48 21.49-48 48s21.49 48 48 48 48-21.49 48-48c0-26.509-21.491-48-48-48zm294.156 0c-26.51 0-48 21.49-48 48s21.49 48 48 48 48-21.49 48-48c0-26.509-21.49-48-48-48zM108.922 60.922c-26.51 0-48 21.49-48 48s21.49 48 48 48 48-21.49 48-48-21.491-48-48-48z\"><\/path><\/svg>\t\t\t<\/span>\n\t\t\n\t\t\t\t<div class=\"e-load-more-anchor\" data-page=\"1\" data-max-page=\"3\" data-next-page=\"https:\/\/leticialistening.com\/spaces-restorative-transitional-justice\/fr\/wp-json\/wp\/v2\/posts\/2437\/page\/2\/\"><\/div>\n\t\t\t\t<div class=\"e-load-more-message\"><\/div>\n\t\t\t\t\t\t<\/div>\n\t\t\t\t<\/div>\n\t\t\t\t\t<\/div>\n\t\t\t\t<\/div>\n\t\t<div id=\"e-n-tab-content-4216817632\" role=\"tabpanel\" aria-labelledby=\"e-n-tab-title-4216817632\" data-tab-index=\"2\" style=\"--n-tabs-title-order: 2;\" class=\"elementor-element elementor-element-5a931f46 e-flex e-con-boxed e-con e-parent\" data-id=\"5a931f46\" data-element_type=\"container\" data-e-type=\"container\">\n\t\t\t\t\t<div class=\"e-con-inner\">\n\t\t\t\t<div class=\"elementor-element elementor-element-6ee04405 elementor-posts__hover-none elementor-grid-3 elementor-grid-tablet-2 elementor-grid-mobile-1 elementor-posts--thumbnail-top elementor-widget elementor-widget-posts\" data-id=\"6ee04405\" data-element_type=\"widget\" data-e-type=\"widget\" data-settings=\"{&quot;pagination_type&quot;:&quot;load_more_infinite_scroll&quot;,&quot;cards_masonry&quot;:&quot;yes&quot;,&quot;cards_columns&quot;:&quot;3&quot;,&quot;cards_columns_tablet&quot;:&quot;2&quot;,&quot;cards_columns_mobile&quot;:&quot;1&quot;,&quot;cards_row_gap&quot;:{&quot;unit&quot;:&quot;px&quot;,&quot;size&quot;:35,&quot;sizes&quot;:[]},&quot;cards_row_gap_tablet&quot;:{&quot;unit&quot;:&quot;px&quot;,&quot;size&quot;:&quot;&quot;,&quot;sizes&quot;:[]},&quot;cards_row_gap_mobile&quot;:{&quot;unit&quot;:&quot;px&quot;,&quot;size&quot;:&quot;&quot;,&quot;sizes&quot;:[]},&quot;load_more_spinner&quot;:{&quot;value&quot;:&quot;fas fa-spinner&quot;,&quot;library&quot;:&quot;fa-solid&quot;}}\" data-widget_type=\"posts.cards\">\n\t\t\t\t<div class=\"elementor-widget-container\">\n\t\t\t\t\t\t\t<div class=\"elementor-posts-container elementor-posts elementor-posts--skin-cards elementor-grid\" role=\"list\">\n\t\t\t\t<article class=\"elementor-post elementor-grid-item post-556 post type-post status-publish format-standard has-post-thumbnail hentry category-australia category-interviews\" role=\"listitem\">\n\t\t\t<div class=\"elementor-post__card\">\n\t\t\t\t<a class=\"elementor-post__thumbnail__link\" href=\"https:\/\/leticialistening.com\/spaces-restorative-transitional-justice\/fr\/kevin-bradley-architect\/\" tabindex=\"-1\" ><div class=\"elementor-post__thumbnail\"><img loading=\"lazy\" decoding=\"async\" width=\"300\" height=\"172\" src=\"https:\/\/leticialistening.com\/spaces-restorative-transitional-justice\/wp-content\/uploads\/sites\/2\/2023\/04\/Kevin-Bradley-300x172.png\" class=\"attachment-medium size-medium wp-image-557\" alt=\"\" srcset=\"https:\/\/leticialistening.com\/spaces-restorative-transitional-justice\/wp-content\/uploads\/sites\/2\/2023\/04\/Kevin-Bradley-300x172.png 300w, https:\/\/leticialistening.com\/spaces-restorative-transitional-justice\/wp-content\/uploads\/sites\/2\/2023\/04\/Kevin-Bradley-18x10.png 18w, https:\/\/leticialistening.com\/spaces-restorative-transitional-justice\/wp-content\/uploads\/sites\/2\/2023\/04\/Kevin-Bradley.png 700w\" sizes=\"(max-width: 300px) 100vw, 300px\" \/><\/div><\/a>\n\t\t\t\t<div class=\"elementor-post__badge\">Australie<\/div>\n\t\t\t\t<div class=\"elementor-post__text\">\n\t\t\t\t<h2 class=\"elementor-post__title\">\n\t\t\t<a href=\"https:\/\/leticialistening.com\/spaces-restorative-transitional-justice\/fr\/kevin-bradley-architect\/\" >\n\t\t\t\tKevin Bradley \u2013 Architecte\t\t\t<\/a>\n\t\t<\/h2>\n\t\t\n\t\t<a class=\"elementor-post__read-more\" href=\"https:\/\/leticialistening.com\/spaces-restorative-transitional-justice\/fr\/kevin-bradley-architect\/\" aria-label=\"En savoir plus sur Kevin Bradley \u2013 Architect\" tabindex=\"-1\" >\n\t\t\tEn savoir plus \u00bb\t\t<\/a>\n\n\t\t\t\t<\/div>\n\t\t\t\t\t<\/div>\n\t\t<\/article>\n\t\t\t\t<\/div>\n\t\t\t\t\t<span class=\"e-load-more-spinner\">\n\t\t\t\t<svg aria-hidden=\"true\" class=\"e-font-icon-svg e-fas-spinner\" viewbox=\"0 0 512 512\" xmlns=\"http:\/\/www.w3.org\/2000\/svg\"><path d=\"M304 48c0 26.51-21.49 48-48 48s-48-21.49-48-48 21.49-48 48-48 48 21.49 48 48zm-48 368c-26.51 0-48 21.49-48 48s21.49 48 48 48 48-21.49 48-48-21.49-48-48-48zm208-208c-26.51 0-48 21.49-48 48s21.49 48 48 48 48-21.49 48-48-21.49-48-48-48zM96 256c0-26.51-21.49-48-48-48S0 229.49 0 256s21.49 48 48 48 48-21.49 48-48zm12.922 99.078c-26.51 0-48 21.49-48 48s21.49 48 48 48 48-21.49 48-48c0-26.509-21.491-48-48-48zm294.156 0c-26.51 0-48 21.49-48 48s21.49 48 48 48 48-21.49 48-48c0-26.509-21.49-48-48-48zM108.922 60.922c-26.51 0-48 21.49-48 48s21.49 48 48 48 48-21.49 48-48-21.491-48-48-48z\"><\/path><\/svg>\t\t\t<\/span>\n\t\t\n\t\t\t\t\t\t<\/div>\n\t\t\t\t<\/div>\n\t\t\t\t\t<\/div>\n\t\t\t\t<\/div>\n\t\t<div id=\"e-n-tab-content-4216817633\" role=\"tabpanel\" aria-labelledby=\"e-n-tab-title-4216817633\" data-tab-index=\"3\" style=\"--n-tabs-title-order: 3;\" class=\"elementor-element elementor-element-1aea748a e-flex e-con-boxed e-con e-parent\" data-id=\"1aea748a\" data-element_type=\"container\" data-e-type=\"container\">\n\t\t\t\t\t<div class=\"e-con-inner\">\n\t\t\t\t<div class=\"elementor-element elementor-element-2e4661fa elementor-posts__hover-none elementor-grid-3 elementor-grid-tablet-2 elementor-grid-mobile-1 elementor-posts--thumbnail-top elementor-widget elementor-widget-posts\" data-id=\"2e4661fa\" data-element_type=\"widget\" data-e-type=\"widget\" data-settings=\"{&quot;pagination_type&quot;:&quot;load_more_infinite_scroll&quot;,&quot;cards_masonry&quot;:&quot;yes&quot;,&quot;cards_columns&quot;:&quot;3&quot;,&quot;cards_columns_tablet&quot;:&quot;2&quot;,&quot;cards_columns_mobile&quot;:&quot;1&quot;,&quot;cards_row_gap&quot;:{&quot;unit&quot;:&quot;px&quot;,&quot;size&quot;:35,&quot;sizes&quot;:[]},&quot;cards_row_gap_tablet&quot;:{&quot;unit&quot;:&quot;px&quot;,&quot;size&quot;:&quot;&quot;,&quot;sizes&quot;:[]},&quot;cards_row_gap_mobile&quot;:{&quot;unit&quot;:&quot;px&quot;,&quot;size&quot;:&quot;&quot;,&quot;sizes&quot;:[]},&quot;load_more_spinner&quot;:{&quot;value&quot;:&quot;fas fa-spinner&quot;,&quot;library&quot;:&quot;fa-solid&quot;}}\" data-widget_type=\"posts.cards\">\n\t\t\t\t<div class=\"elementor-widget-container\">\n\t\t\t\t\t\t\t<div class=\"elementor-posts-container elementor-posts elementor-posts--skin-cards elementor-grid\" role=\"list\">\n\t\t\t\t<article class=\"elementor-post elementor-grid-item post-2312 post type-post status-publish format-standard has-post-thumbnail hentry category-canada category-interviews\" role=\"listitem\">\n\t\t\t<div class=\"elementor-post__card\">\n\t\t\t\t<a class=\"elementor-post__thumbnail__link\" href=\"https:\/\/leticialistening.com\/spaces-restorative-transitional-justice\/fr\/perrault-sharon-john-howard-society\/\" tabindex=\"-1\" ><div class=\"elementor-post__thumbnail\"><img loading=\"lazy\" decoding=\"async\" width=\"300\" height=\"172\" src=\"https:\/\/leticialistening.com\/spaces-restorative-transitional-justice\/wp-content\/uploads\/sites\/2\/2023\/05\/Perrault-Sharon-John-Howard-Society-300x172.png\" class=\"attachment-medium size-medium wp-image-2313\" alt=\"\" srcset=\"https:\/\/leticialistening.com\/spaces-restorative-transitional-justice\/wp-content\/uploads\/sites\/2\/2023\/05\/Perrault-Sharon-John-Howard-Society-300x172.png 300w, https:\/\/leticialistening.com\/spaces-restorative-transitional-justice\/wp-content\/uploads\/sites\/2\/2023\/05\/Perrault-Sharon-John-Howard-Society-18x10.png 18w, https:\/\/leticialistening.com\/spaces-restorative-transitional-justice\/wp-content\/uploads\/sites\/2\/2023\/05\/Perrault-Sharon-John-Howard-Society.png 700w\" sizes=\"(max-width: 300px) 100vw, 300px\" \/><\/div><\/a>\n\t\t\t\t<div class=\"elementor-post__badge\">Canada<\/div>\n\t\t\t\t<div class=\"elementor-post__text\">\n\t\t\t\t<h2 class=\"elementor-post__title\">\n\t\t\t<a href=\"https:\/\/leticialistening.com\/spaces-restorative-transitional-justice\/fr\/perrault-sharon-john-howard-society\/\" >\n\t\t\t\tPerrault, Sharon \u2013 John Howard Society\t\t\t<\/a>\n\t\t<\/h2>\n\t\t\n\t\t<a class=\"elementor-post__read-more\" href=\"https:\/\/leticialistening.com\/spaces-restorative-transitional-justice\/fr\/perrault-sharon-john-howard-society\/\" aria-label=\"En savoir plus sur Perrault, Sharon \u2013 John Howard Society\" tabindex=\"-1\" >\n\t\t\tEn savoir plus \u00bb\t\t<\/a>\n\n\t\t\t\t<\/div>\n\t\t\t\t\t<\/div>\n\t\t<\/article>\n\t\t\t\t<article class=\"elementor-post elementor-grid-item post-2299 post type-post status-publish format-standard has-post-thumbnail hentry category-canada category-interviews\" role=\"listitem\">\n\t\t\t<div class=\"elementor-post__card\">\n\t\t\t\t<a class=\"elementor-post__thumbnail__link\" href=\"https:\/\/leticialistening.com\/spaces-restorative-transitional-justice\/fr\/lavigne-mathieu-centre-des-services-de-justice-reparatrice\/\" tabindex=\"-1\" ><div class=\"elementor-post__thumbnail\"><img loading=\"lazy\" decoding=\"async\" width=\"300\" height=\"172\" src=\"https:\/\/leticialistening.com\/spaces-restorative-transitional-justice\/wp-content\/uploads\/sites\/2\/2023\/05\/Lavigne-Mathieu-\u2013-Centre-des-Services-de-Justice-Reparatrice-300x172.png\" class=\"attachment-medium size-medium wp-image-2300\" alt=\"\" srcset=\"https:\/\/leticialistening.com\/spaces-restorative-transitional-justice\/wp-content\/uploads\/sites\/2\/2023\/05\/Lavigne-Mathieu-\u2013-Centre-des-Services-de-Justice-Reparatrice-300x172.png 300w, https:\/\/leticialistening.com\/spaces-restorative-transitional-justice\/wp-content\/uploads\/sites\/2\/2023\/05\/Lavigne-Mathieu-\u2013-Centre-des-Services-de-Justice-Reparatrice-18x10.png 18w, https:\/\/leticialistening.com\/spaces-restorative-transitional-justice\/wp-content\/uploads\/sites\/2\/2023\/05\/Lavigne-Mathieu-\u2013-Centre-des-Services-de-Justice-Reparatrice.png 700w\" sizes=\"(max-width: 300px) 100vw, 300px\" \/><\/div><\/a>\n\t\t\t\t<div class=\"elementor-post__badge\">Canada<\/div>\n\t\t\t\t<div class=\"elementor-post__text\">\n\t\t\t\t<h2 class=\"elementor-post__title\">\n\t\t\t<a href=\"https:\/\/leticialistening.com\/spaces-restorative-transitional-justice\/fr\/lavigne-mathieu-centre-des-services-de-justice-reparatrice\/\" >\n\t\t\t\tLavigne, Mathieu \u2013 Centre des Services de Justice R\u00e9paratrice\t\t\t<\/a>\n\t\t<\/h2>\n\t\t\n\t\t<a class=\"elementor-post__read-more\" href=\"https:\/\/leticialistening.com\/spaces-restorative-transitional-justice\/fr\/lavigne-mathieu-centre-des-services-de-justice-reparatrice\/\" aria-label=\"En savoir plus sur Lavigne, Mathieu \u2013 Centre des Services de Justice R\u00e9paratrice\" tabindex=\"-1\" >\n\t\t\tEn savoir plus \u00bb\t\t<\/a>\n\n\t\t\t\t<\/div>\n\t\t\t\t\t<\/div>\n\t\t<\/article>\n\t\t\t\t<article class=\"elementor-post elementor-grid-item post-2289 post type-post status-publish format-standard has-post-thumbnail hentry category-canada category-interviews\" role=\"listitem\">\n\t\t\t<div class=\"elementor-post__card\">\n\t\t\t\t<a class=\"elementor-post__thumbnail__link\" href=\"https:\/\/leticialistening.com\/spaces-restorative-transitional-justice\/fr\/kimberly-murray-lawyer\/\" tabindex=\"-1\" ><div class=\"elementor-post__thumbnail\"><img loading=\"lazy\" decoding=\"async\" width=\"300\" height=\"172\" src=\"https:\/\/leticialistening.com\/spaces-restorative-transitional-justice\/wp-content\/uploads\/sites\/2\/2023\/04\/1.1-300x172.png\" class=\"attachment-medium size-medium wp-image-753\" alt=\"\" srcset=\"https:\/\/leticialistening.com\/spaces-restorative-transitional-justice\/wp-content\/uploads\/sites\/2\/2023\/04\/1.1-300x172.png 300w, https:\/\/leticialistening.com\/spaces-restorative-transitional-justice\/wp-content\/uploads\/sites\/2\/2023\/04\/1.1-18x10.png 18w, https:\/\/leticialistening.com\/spaces-restorative-transitional-justice\/wp-content\/uploads\/sites\/2\/2023\/04\/1.1.png 700w\" sizes=\"(max-width: 300px) 100vw, 300px\" \/><\/div><\/a>\n\t\t\t\t<div class=\"elementor-post__badge\">Canada<\/div>\n\t\t\t\t<div class=\"elementor-post__text\">\n\t\t\t\t<h2 class=\"elementor-post__title\">\n\t\t\t<a href=\"https:\/\/leticialistening.com\/spaces-restorative-transitional-justice\/fr\/kimberly-murray-lawyer\/\" >\n\t\t\t\tKimberly Murray \u2013 Avocate\t\t\t<\/a>\n\t\t<\/h2>\n\t\t\n\t\t<a class=\"elementor-post__read-more\" href=\"https:\/\/leticialistening.com\/spaces-restorative-transitional-justice\/fr\/kimberly-murray-lawyer\/\" aria-label=\"En savoir plus sur Kimberly Murray \u2013 Lawyer\" tabindex=\"-1\" >\n\t\t\tEn savoir plus \u00bb\t\t<\/a>\n\n\t\t\t\t<\/div>\n\t\t\t\t\t<\/div>\n\t\t<\/article>\n\t\t\t\t<article class=\"elementor-post elementor-grid-item post-2279 post type-post status-publish format-standard has-post-thumbnail hentry category-canada category-interviews\" role=\"listitem\">\n\t\t\t<div class=\"elementor-post__card\">\n\t\t\t\t<a class=\"elementor-post__thumbnail__link\" href=\"https:\/\/leticialistening.com\/spaces-restorative-transitional-justice\/fr\/henriques-william-informal-conflict-resolution-practitioner\/\" tabindex=\"-1\" ><div class=\"elementor-post__thumbnail\"><img loading=\"lazy\" decoding=\"async\" width=\"300\" height=\"172\" src=\"https:\/\/leticialistening.com\/spaces-restorative-transitional-justice\/wp-content\/uploads\/sites\/2\/2023\/05\/Henriques-William-\u2013-Informal-conflict-resolution-practitioner-300x172.png\" class=\"attachment-medium size-medium wp-image-2280\" alt=\"\" srcset=\"https:\/\/leticialistening.com\/spaces-restorative-transitional-justice\/wp-content\/uploads\/sites\/2\/2023\/05\/Henriques-William-\u2013-Informal-conflict-resolution-practitioner-300x172.png 300w, https:\/\/leticialistening.com\/spaces-restorative-transitional-justice\/wp-content\/uploads\/sites\/2\/2023\/05\/Henriques-William-\u2013-Informal-conflict-resolution-practitioner-18x10.png 18w, https:\/\/leticialistening.com\/spaces-restorative-transitional-justice\/wp-content\/uploads\/sites\/2\/2023\/05\/Henriques-William-\u2013-Informal-conflict-resolution-practitioner.png 700w\" sizes=\"(max-width: 300px) 100vw, 300px\" \/><\/div><\/a>\n\t\t\t\t<div class=\"elementor-post__badge\">Canada<\/div>\n\t\t\t\t<div class=\"elementor-post__text\">\n\t\t\t\t<h2 class=\"elementor-post__title\">\n\t\t\t<a href=\"https:\/\/leticialistening.com\/spaces-restorative-transitional-justice\/fr\/henriques-william-informal-conflict-resolution-practitioner\/\" >\n\t\t\t\tHenriques, William \u2013 M\u00e9diateur en r\u00e9solution informelle de conflits\t\t\t<\/a>\n\t\t<\/h2>\n\t\t\n\t\t<a class=\"elementor-post__read-more\" href=\"https:\/\/leticialistening.com\/spaces-restorative-transitional-justice\/fr\/henriques-william-informal-conflict-resolution-practitioner\/\" aria-label=\"En savoir plus sur Henriques, William \u2013 Informal conflict resolution practitioner\" tabindex=\"-1\" >\n\t\t\tEn savoir plus \u00bb\t\t<\/a>\n\n\t\t\t\t<\/div>\n\t\t\t\t\t<\/div>\n\t\t<\/article>\n\t\t\t\t<article class=\"elementor-post elementor-grid-item post-2269 post type-post status-publish format-standard has-post-thumbnail hentry category-canada category-interviews\" role=\"listitem\">\n\t\t\t<div class=\"elementor-post__card\">\n\t\t\t\t<a class=\"elementor-post__thumbnail__link\" href=\"https:\/\/leticialistening.com\/spaces-restorative-transitional-justice\/fr\/gazaille-gilles\/\" tabindex=\"-1\" ><div class=\"elementor-post__thumbnail\"><img loading=\"lazy\" decoding=\"async\" width=\"300\" height=\"172\" src=\"https:\/\/leticialistening.com\/spaces-restorative-transitional-justice\/wp-content\/uploads\/sites\/2\/2023\/05\/Gazaille-Gilles-300x172.png\" class=\"attachment-medium size-medium wp-image-2270\" alt=\"\" srcset=\"https:\/\/leticialistening.com\/spaces-restorative-transitional-justice\/wp-content\/uploads\/sites\/2\/2023\/05\/Gazaille-Gilles-300x172.png 300w, https:\/\/leticialistening.com\/spaces-restorative-transitional-justice\/wp-content\/uploads\/sites\/2\/2023\/05\/Gazaille-Gilles-18x10.png 18w, https:\/\/leticialistening.com\/spaces-restorative-transitional-justice\/wp-content\/uploads\/sites\/2\/2023\/05\/Gazaille-Gilles.png 700w\" sizes=\"(max-width: 300px) 100vw, 300px\" \/><\/div><\/a>\n\t\t\t\t<div class=\"elementor-post__badge\">Canada<\/div>\n\t\t\t\t<div class=\"elementor-post__text\">\n\t\t\t\t<h2 class=\"elementor-post__title\">\n\t\t\t<a href=\"https:\/\/leticialistening.com\/spaces-restorative-transitional-justice\/fr\/gazaille-gilles\/\" >\n\t\t\t\tGazaille, Gilles\t\t\t<\/a>\n\t\t<\/h2>\n\t\t\n\t\t<a class=\"elementor-post__read-more\" href=\"https:\/\/leticialistening.com\/spaces-restorative-transitional-justice\/fr\/gazaille-gilles\/\" aria-label=\"En savoir plus sur Gazaille, Gilles\" tabindex=\"-1\" >\n\t\t\tEn savoir plus \u00bb\t\t<\/a>\n\n\t\t\t\t<\/div>\n\t\t\t\t\t<\/div>\n\t\t<\/article>\n\t\t\t\t<article class=\"elementor-post elementor-grid-item post-2259 post type-post status-publish format-standard has-post-thumbnail hentry category-canada category-interviews\" role=\"listitem\">\n\t\t\t<div class=\"elementor-post__card\">\n\t\t\t\t<a class=\"elementor-post__thumbnail__link\" href=\"https:\/\/leticialistening.com\/spaces-restorative-transitional-justice\/fr\/david-fortin-architect\/\" tabindex=\"-1\" ><div class=\"elementor-post__thumbnail\"><img loading=\"lazy\" decoding=\"async\" width=\"300\" height=\"172\" src=\"https:\/\/leticialistening.com\/spaces-restorative-transitional-justice\/wp-content\/uploads\/sites\/2\/2023\/05\/Fortin-David-300x172.png\" class=\"attachment-medium size-medium wp-image-2260\" alt=\"\" srcset=\"https:\/\/leticialistening.com\/spaces-restorative-transitional-justice\/wp-content\/uploads\/sites\/2\/2023\/05\/Fortin-David-300x172.png 300w, https:\/\/leticialistening.com\/spaces-restorative-transitional-justice\/wp-content\/uploads\/sites\/2\/2023\/05\/Fortin-David-18x10.png 18w, https:\/\/leticialistening.com\/spaces-restorative-transitional-justice\/wp-content\/uploads\/sites\/2\/2023\/05\/Fortin-David.png 700w\" sizes=\"(max-width: 300px) 100vw, 300px\" \/><\/div><\/a>\n\t\t\t\t<div class=\"elementor-post__badge\">Canada<\/div>\n\t\t\t\t<div class=\"elementor-post__text\">\n\t\t\t\t<h2 class=\"elementor-post__title\">\n\t\t\t<a href=\"https:\/\/leticialistening.com\/spaces-restorative-transitional-justice\/fr\/david-fortin-architect\/\" >\n\t\t\t\tDavid Fortin \u2013 Architect\t\t\t<\/a>\n\t\t<\/h2>\n\t\t\n\t\t<a class=\"elementor-post__read-more\" href=\"https:\/\/leticialistening.com\/spaces-restorative-transitional-justice\/fr\/david-fortin-architect\/\" aria-label=\"En savoir plus sur David Fortin \u2013 Architect\" tabindex=\"-1\" >\n\t\t\tEn savoir plus \u00bb\t\t<\/a>\n\n\t\t\t\t<\/div>\n\t\t\t\t\t<\/div>\n\t\t<\/article>\n\t\t\t\t<\/div>\n\t\t\t\t\t<span class=\"e-load-more-spinner\">\n\t\t\t\t<svg aria-hidden=\"true\" class=\"e-font-icon-svg e-fas-spinner\" viewbox=\"0 0 512 512\" xmlns=\"http:\/\/www.w3.org\/2000\/svg\"><path d=\"M304 48c0 26.51-21.49 48-48 48s-48-21.49-48-48 21.49-48 48-48 48 21.49 48 48zm-48 368c-26.51 0-48 21.49-48 48s21.49 48 48 48 48-21.49 48-48-21.49-48-48-48zm208-208c-26.51 0-48 21.49-48 48s21.49 48 48 48 48-21.49 48-48-21.49-48-48-48zM96 256c0-26.51-21.49-48-48-48S0 229.49 0 256s21.49 48 48 48 48-21.49 48-48zm12.922 99.078c-26.51 0-48 21.49-48 48s21.49 48 48 48 48-21.49 48-48c0-26.509-21.491-48-48-48zm294.156 0c-26.51 0-48 21.49-48 48s21.49 48 48 48 48-21.49 48-48c0-26.509-21.49-48-48-48zM108.922 60.922c-26.51 0-48 21.49-48 48s21.49 48 48 48 48-21.49 48-48-21.491-48-48-48z\"><\/path><\/svg>\t\t\t<\/span>\n\t\t\n\t\t\t\t<div class=\"e-load-more-anchor\" data-page=\"1\" data-max-page=\"2\" data-next-page=\"https:\/\/leticialistening.com\/spaces-restorative-transitional-justice\/fr\/wp-json\/wp\/v2\/posts\/2437\/page\/2\/\"><\/div>\n\t\t\t\t<div class=\"e-load-more-message\"><\/div>\n\t\t\t\t\t\t<\/div>\n\t\t\t\t<\/div>\n\t\t\t\t\t<\/div>\n\t\t\t\t<\/div>\n\t\t<div id=\"e-n-tab-content-4216817634\" role=\"tabpanel\" aria-labelledby=\"e-n-tab-title-4216817634\" data-tab-index=\"4\" style=\"--n-tabs-title-order: 4;\" class=\"elementor-element elementor-element-3a43f162 e-flex e-con-boxed e-con e-parent\" data-id=\"3a43f162\" data-element_type=\"container\" data-e-type=\"container\" data-settings=\"{&quot;background_background&quot;:&quot;classic&quot;}\">\n\t\t\t\t\t<div class=\"e-con-inner\">\n\t\t\t\t<div class=\"elementor-element elementor-element-7ab56f3f elementor-posts__hover-none elementor-grid-3 elementor-grid-tablet-2 elementor-grid-mobile-1 elementor-posts--thumbnail-top elementor-widget elementor-widget-posts\" data-id=\"7ab56f3f\" data-element_type=\"widget\" data-e-type=\"widget\" data-settings=\"{&quot;pagination_type&quot;:&quot;load_more_infinite_scroll&quot;,&quot;cards_masonry&quot;:&quot;yes&quot;,&quot;cards_columns&quot;:&quot;3&quot;,&quot;cards_columns_tablet&quot;:&quot;2&quot;,&quot;cards_columns_mobile&quot;:&quot;1&quot;,&quot;cards_row_gap&quot;:{&quot;unit&quot;:&quot;px&quot;,&quot;size&quot;:35,&quot;sizes&quot;:[]},&quot;cards_row_gap_tablet&quot;:{&quot;unit&quot;:&quot;px&quot;,&quot;size&quot;:&quot;&quot;,&quot;sizes&quot;:[]},&quot;cards_row_gap_mobile&quot;:{&quot;unit&quot;:&quot;px&quot;,&quot;size&quot;:&quot;&quot;,&quot;sizes&quot;:[]},&quot;load_more_spinner&quot;:{&quot;value&quot;:&quot;fas fa-spinner&quot;,&quot;library&quot;:&quot;fa-solid&quot;}}\" data-widget_type=\"posts.cards\">\n\t\t\t\t<div class=\"elementor-widget-container\">\n\t\t\t\t\t\t\t<div class=\"elementor-posts-container elementor-posts elementor-posts--skin-cards elementor-grid\" role=\"list\">\n\t\t\t\t<article class=\"elementor-post elementor-grid-item post-2486 post type-post status-publish format-standard has-post-thumbnail hentry category-france category-interviews\" role=\"listitem\">\n\t\t\t<div class=\"elementor-post__card\">\n\t\t\t\t<a class=\"elementor-post__thumbnail__link\" href=\"https:\/\/leticialistening.com\/spaces-restorative-transitional-justice\/fr\/micoulet-noemie-institut-francais-de-justice-restaurative\/\" tabindex=\"-1\" ><div class=\"elementor-post__thumbnail\"><img loading=\"lazy\" decoding=\"async\" width=\"300\" height=\"172\" src=\"https:\/\/leticialistening.com\/spaces-restorative-transitional-justice\/wp-content\/uploads\/sites\/2\/2023\/05\/Micoulet-Noemie-Institut-Francais-de-Justice-Restaurative-300x172.png\" class=\"attachment-medium size-medium wp-image-2476\" alt=\"\" srcset=\"https:\/\/leticialistening.com\/spaces-restorative-transitional-justice\/wp-content\/uploads\/sites\/2\/2023\/05\/Micoulet-Noemie-Institut-Francais-de-Justice-Restaurative-300x172.png 300w, https:\/\/leticialistening.com\/spaces-restorative-transitional-justice\/wp-content\/uploads\/sites\/2\/2023\/05\/Micoulet-Noemie-Institut-Francais-de-Justice-Restaurative-18x10.png 18w, https:\/\/leticialistening.com\/spaces-restorative-transitional-justice\/wp-content\/uploads\/sites\/2\/2023\/05\/Micoulet-Noemie-Institut-Francais-de-Justice-Restaurative.png 700w\" sizes=\"(max-width: 300px) 100vw, 300px\" \/><\/div><\/a>\n\t\t\t\t<div class=\"elementor-post__badge\">France<\/div>\n\t\t\t\t<div class=\"elementor-post__text\">\n\t\t\t\t<h2 class=\"elementor-post__title\">\n\t\t\t<a href=\"https:\/\/leticialistening.com\/spaces-restorative-transitional-justice\/fr\/micoulet-noemie-institut-francais-de-justice-restaurative\/\" >\n\t\t\t\tMicoulet, No\u00e9mie \u2013 Institut Fran\u00e7ais de Justice Restaurative\t\t\t<\/a>\n\t\t<\/h2>\n\t\t\n\t\t<a class=\"elementor-post__read-more\" href=\"https:\/\/leticialistening.com\/spaces-restorative-transitional-justice\/fr\/micoulet-noemie-institut-francais-de-justice-restaurative\/\" aria-label=\"En savoir plus sur Micoulet, No\u00e9mie \u2013 Institut Fran\u00e7ais de Justice Restaurative\" tabindex=\"-1\" >\n\t\t\tEn savoir plus \u00bb\t\t<\/a>\n\n\t\t\t\t<\/div>\n\t\t\t\t\t<\/div>\n\t\t<\/article>\n\t\t\t\t<article class=\"elementor-post elementor-grid-item post-2473 post type-post status-publish format-standard has-post-thumbnail hentry category-france category-interviews\" role=\"listitem\">\n\t\t\t<div class=\"elementor-post__card\">\n\t\t\t\t<a class=\"elementor-post__thumbnail__link\" href=\"https:\/\/leticialistening.com\/spaces-restorative-transitional-justice\/fr\/griveaud-delphine-phd-candidate-in-political-science\/\" tabindex=\"-1\" ><div class=\"elementor-post__thumbnail\"><img loading=\"lazy\" decoding=\"async\" width=\"300\" height=\"172\" src=\"https:\/\/leticialistening.com\/spaces-restorative-transitional-justice\/wp-content\/uploads\/sites\/2\/2023\/05\/Griveaud-Delphine-300x172.png\" class=\"attachment-medium size-medium wp-image-2475\" alt=\"\" srcset=\"https:\/\/leticialistening.com\/spaces-restorative-transitional-justice\/wp-content\/uploads\/sites\/2\/2023\/05\/Griveaud-Delphine-300x172.png 300w, https:\/\/leticialistening.com\/spaces-restorative-transitional-justice\/wp-content\/uploads\/sites\/2\/2023\/05\/Griveaud-Delphine-18x10.png 18w, https:\/\/leticialistening.com\/spaces-restorative-transitional-justice\/wp-content\/uploads\/sites\/2\/2023\/05\/Griveaud-Delphine.png 700w\" sizes=\"(max-width: 300px) 100vw, 300px\" \/><\/div><\/a>\n\t\t\t\t<div class=\"elementor-post__badge\">France<\/div>\n\t\t\t\t<div class=\"elementor-post__text\">\n\t\t\t\t<h2 class=\"elementor-post__title\">\n\t\t\t<a href=\"https:\/\/leticialistening.com\/spaces-restorative-transitional-justice\/fr\/griveaud-delphine-phd-candidate-in-political-science\/\" >\n\t\t\t\tGriveaud, Delphine \u2013 Doctorante en science politique\t\t\t<\/a>\n\t\t<\/h2>\n\t\t\n\t\t<a class=\"elementor-post__read-more\" href=\"https:\/\/leticialistening.com\/spaces-restorative-transitional-justice\/fr\/griveaud-delphine-phd-candidate-in-political-science\/\" aria-label=\"En savoir plus sur Griveaud, Delphine \u2013 PhD candidate in political science\" tabindex=\"-1\" >\n\t\t\tEn savoir plus \u00bb\t\t<\/a>\n\n\t\t\t\t<\/div>\n\t\t\t\t\t<\/div>\n\t\t<\/article>\n\t\t\t\t<article class=\"elementor-post elementor-grid-item post-732 post type-post status-publish format-standard has-post-thumbnail hentry category-france category-interviews\" role=\"listitem\">\n\t\t\t<div class=\"elementor-post__card\">\n\t\t\t\t<a class=\"elementor-post__thumbnail__link\" href=\"https:\/\/leticialistening.com\/spaces-restorative-transitional-justice\/fr\/adam-vezina-emilie-and-bouteille-melanie\/\" tabindex=\"-1\" ><div class=\"elementor-post__thumbnail\"><img loading=\"lazy\" decoding=\"async\" width=\"300\" height=\"172\" src=\"https:\/\/leticialistening.com\/spaces-restorative-transitional-justice\/wp-content\/uploads\/sites\/2\/2023\/04\/Adam-Vezina-Emilie-and-Bouteille-Melanie-\u2013-Rescaled-project-300x172.png\" class=\"attachment-medium size-medium wp-image-733\" alt=\"\" srcset=\"https:\/\/leticialistening.com\/spaces-restorative-transitional-justice\/wp-content\/uploads\/sites\/2\/2023\/04\/Adam-Vezina-Emilie-and-Bouteille-Melanie-\u2013-Rescaled-project-300x172.png 300w, https:\/\/leticialistening.com\/spaces-restorative-transitional-justice\/wp-content\/uploads\/sites\/2\/2023\/04\/Adam-Vezina-Emilie-and-Bouteille-Melanie-\u2013-Rescaled-project-18x10.png 18w, https:\/\/leticialistening.com\/spaces-restorative-transitional-justice\/wp-content\/uploads\/sites\/2\/2023\/04\/Adam-Vezina-Emilie-and-Bouteille-Melanie-\u2013-Rescaled-project.png 700w\" sizes=\"(max-width: 300px) 100vw, 300px\" \/><\/div><\/a>\n\t\t\t\t<div class=\"elementor-post__badge\">France<\/div>\n\t\t\t\t<div class=\"elementor-post__text\">\n\t\t\t\t<h2 class=\"elementor-post__title\">\n\t\t\t<a href=\"https:\/\/leticialistening.com\/spaces-restorative-transitional-justice\/fr\/adam-vezina-emilie-and-bouteille-melanie\/\" >\n\t\t\t\tAdam-V\u00e9zina, \u00c9milie and Bouteille, M\u00e9lanie\t\t\t<\/a>\n\t\t<\/h2>\n\t\t\n\t\t<a class=\"elementor-post__read-more\" href=\"https:\/\/leticialistening.com\/spaces-restorative-transitional-justice\/fr\/adam-vezina-emilie-and-bouteille-melanie\/\" aria-label=\"En savoir plus sur Adam-V\u00e9zina, \u00c9milie and Bouteille, M\u00e9lanie\" tabindex=\"-1\" >\n\t\t\tEn savoir plus \u00bb\t\t<\/a>\n\n\t\t\t\t<\/div>\n\t\t\t\t\t<\/div>\n\t\t<\/article>\n\t\t\t\t<\/div>\n\t\t\t\t\t<span class=\"e-load-more-spinner\">\n\t\t\t\t<svg aria-hidden=\"true\" class=\"e-font-icon-svg e-fas-spinner\" viewbox=\"0 0 512 512\" xmlns=\"http:\/\/www.w3.org\/2000\/svg\"><path d=\"M304 48c0 26.51-21.49 48-48 48s-48-21.49-48-48 21.49-48 48-48 48 21.49 48 48zm-48 368c-26.51 0-48 21.49-48 48s21.49 48 48 48 48-21.49 48-48-21.49-48-48-48zm208-208c-26.51 0-48 21.49-48 48s21.49 48 48 48 48-21.49 48-48-21.49-48-48-48zM96 256c0-26.51-21.49-48-48-48S0 229.49 0 256s21.49 48 48 48 48-21.49 48-48zm12.922 99.078c-26.51 0-48 21.49-48 48s21.49 48 48 48 48-21.49 48-48c0-26.509-21.491-48-48-48zm294.156 0c-26.51 0-48 21.49-48 48s21.49 48 48 48 48-21.49 48-48c0-26.509-21.49-48-48-48zM108.922 60.922c-26.51 0-48 21.49-48 48s21.49 48 48 48 48-21.49 48-48-21.491-48-48-48z\"><\/path><\/svg>\t\t\t<\/span>\n\t\t\n\t\t\t\t\t\t<\/div>\n\t\t\t\t<\/div>\n\t\t\t\t\t<\/div>\n\t\t\t\t<\/div>\n\t\t<div id=\"e-n-tab-content-4216817635\" role=\"tabpanel\" aria-labelledby=\"e-n-tab-title-4216817635\" data-tab-index=\"5\" style=\"--n-tabs-title-order: 5;\" class=\"elementor-element elementor-element-30dab34e e-flex e-con-boxed e-con e-parent\" data-id=\"30dab34e\" data-element_type=\"container\" data-e-type=\"container\">\n\t\t\t\t\t<div class=\"e-con-inner\">\n\t\t\t\t<div class=\"elementor-element elementor-element-1a1bb5f0 elementor-posts__hover-none elementor-grid-3 elementor-grid-tablet-2 elementor-grid-mobile-1 elementor-posts--thumbnail-top elementor-widget elementor-widget-posts\" data-id=\"1a1bb5f0\" data-element_type=\"widget\" data-e-type=\"widget\" data-settings=\"{&quot;pagination_type&quot;:&quot;load_more_infinite_scroll&quot;,&quot;cards_masonry&quot;:&quot;yes&quot;,&quot;cards_columns&quot;:&quot;3&quot;,&quot;cards_columns_tablet&quot;:&quot;2&quot;,&quot;cards_columns_mobile&quot;:&quot;1&quot;,&quot;cards_row_gap&quot;:{&quot;unit&quot;:&quot;px&quot;,&quot;size&quot;:35,&quot;sizes&quot;:[]},&quot;cards_row_gap_tablet&quot;:{&quot;unit&quot;:&quot;px&quot;,&quot;size&quot;:&quot;&quot;,&quot;sizes&quot;:[]},&quot;cards_row_gap_mobile&quot;:{&quot;unit&quot;:&quot;px&quot;,&quot;size&quot;:&quot;&quot;,&quot;sizes&quot;:[]},&quot;load_more_spinner&quot;:{&quot;value&quot;:&quot;fas fa-spinner&quot;,&quot;library&quot;:&quot;fa-solid&quot;}}\" data-widget_type=\"posts.cards\">\n\t\t\t\t<div class=\"elementor-widget-container\">\n\t\t\t\t\t\t\t<div class=\"elementor-posts-container elementor-posts elementor-posts--skin-cards elementor-grid\" role=\"list\">\n\t\t\t\t<article class=\"elementor-post elementor-grid-item post-742 post type-post status-publish format-standard has-post-thumbnail hentry category-interviews category-new-zealand\" role=\"listitem\">\n\t\t\t<div class=\"elementor-post__card\">\n\t\t\t\t<a class=\"elementor-post__thumbnail__link\" href=\"https:\/\/leticialistening.com\/spaces-restorative-transitional-justice\/fr\/thorsborne-margaret\/\" tabindex=\"-1\" ><div class=\"elementor-post__thumbnail\"><img loading=\"lazy\" decoding=\"async\" width=\"300\" height=\"172\" src=\"https:\/\/leticialistening.com\/spaces-restorative-transitional-justice\/wp-content\/uploads\/sites\/2\/2023\/04\/Thorsborne-Margaret-300x172.png\" class=\"attachment-medium size-medium wp-image-743\" alt=\"\" srcset=\"https:\/\/leticialistening.com\/spaces-restorative-transitional-justice\/wp-content\/uploads\/sites\/2\/2023\/04\/Thorsborne-Margaret-300x172.png 300w, https:\/\/leticialistening.com\/spaces-restorative-transitional-justice\/wp-content\/uploads\/sites\/2\/2023\/04\/Thorsborne-Margaret-18x10.png 18w, https:\/\/leticialistening.com\/spaces-restorative-transitional-justice\/wp-content\/uploads\/sites\/2\/2023\/04\/Thorsborne-Margaret.png 700w\" sizes=\"(max-width: 300px) 100vw, 300px\" \/><\/div><\/a>\n\t\t\t\t<div class=\"elementor-post__badge\">Entrevues<\/div>\n\t\t\t\t<div class=\"elementor-post__text\">\n\t\t\t\t<h2 class=\"elementor-post__title\">\n\t\t\t<a href=\"https:\/\/leticialistening.com\/spaces-restorative-transitional-justice\/fr\/thorsborne-margaret\/\" >\n\t\t\t\tThorsborne, Margaret\t\t\t<\/a>\n\t\t<\/h2>\n\t\t\n\t\t<a class=\"elementor-post__read-more\" href=\"https:\/\/leticialistening.com\/spaces-restorative-transitional-justice\/fr\/thorsborne-margaret\/\" aria-label=\"En savoir plus sur Thorsborne, Margaret\" tabindex=\"-1\" >\n\t\t\tEn savoir plus \u00bb\t\t<\/a>\n\n\t\t\t\t<\/div>\n\t\t\t\t\t<\/div>\n\t\t<\/article>\n\t\t\t\t<\/div>\n\t\t\t\t\t<span class=\"e-load-more-spinner\">\n\t\t\t\t<svg aria-hidden=\"true\" class=\"e-font-icon-svg e-fas-spinner\" viewbox=\"0 0 512 512\" xmlns=\"http:\/\/www.w3.org\/2000\/svg\"><path d=\"M304 48c0 26.51-21.49 48-48 48s-48-21.49-48-48 21.49-48 48-48 48 21.49 48 48zm-48 368c-26.51 0-48 21.49-48 48s21.49 48 48 48 48-21.49 48-48-21.49-48-48-48zm208-208c-26.51 0-48 21.49-48 48s21.49 48 48 48 48-21.49 48-48-21.49-48-48-48zM96 256c0-26.51-21.49-48-48-48S0 229.49 0 256s21.49 48 48 48 48-21.49 48-48zm12.922 99.078c-26.51 0-48 21.49-48 48s21.49 48 48 48 48-21.49 48-48c0-26.509-21.491-48-48-48zm294.156 0c-26.51 0-48 21.49-48 48s21.49 48 48 48 48-21.49 48-48c0-26.509-21.49-48-48-48zM108.922 60.922c-26.51 0-48 21.49-48 48s21.49 48 48 48 48-21.49 48-48-21.491-48-48-48z\"><\/path><\/svg>\t\t\t<\/span>\n\t\t\n\t\t\t\t\t\t<\/div>\n\t\t\t\t<\/div>\n\t\t\t\t\t<\/div>\n\t\t\t\t<\/div>\n\t\t<div id=\"e-n-tab-content-4216817636\" role=\"tabpanel\" aria-labelledby=\"e-n-tab-title-4216817636\" data-tab-index=\"6\" style=\"--n-tabs-title-order: 6;\" class=\"elementor-element elementor-element-1994c4b1 e-flex e-con-boxed e-con e-parent\" data-id=\"1994c4b1\" data-element_type=\"container\" data-e-type=\"container\">\n\t\t\t\t\t<div class=\"e-con-inner\">\n\t\t\t\t<div class=\"elementor-element elementor-element-248c58a8 elementor-posts__hover-none elementor-grid-3 elementor-grid-tablet-2 elementor-grid-mobile-1 elementor-posts--thumbnail-top elementor-widget elementor-widget-posts\" data-id=\"248c58a8\" data-element_type=\"widget\" data-e-type=\"widget\" data-settings=\"{&quot;pagination_type&quot;:&quot;load_more_infinite_scroll&quot;,&quot;cards_masonry&quot;:&quot;yes&quot;,&quot;cards_columns&quot;:&quot;3&quot;,&quot;cards_columns_tablet&quot;:&quot;2&quot;,&quot;cards_columns_mobile&quot;:&quot;1&quot;,&quot;cards_row_gap&quot;:{&quot;unit&quot;:&quot;px&quot;,&quot;size&quot;:35,&quot;sizes&quot;:[]},&quot;cards_row_gap_tablet&quot;:{&quot;unit&quot;:&quot;px&quot;,&quot;size&quot;:&quot;&quot;,&quot;sizes&quot;:[]},&quot;cards_row_gap_mobile&quot;:{&quot;unit&quot;:&quot;px&quot;,&quot;size&quot;:&quot;&quot;,&quot;sizes&quot;:[]},&quot;load_more_spinner&quot;:{&quot;value&quot;:&quot;fas fa-spinner&quot;,&quot;library&quot;:&quot;fa-solid&quot;}}\" data-widget_type=\"posts.cards\">\n\t\t\t\t<div class=\"elementor-widget-container\">\n\t\t\t\t\t\t\t<div class=\"elementor-posts-container elementor-posts elementor-posts--skin-cards elementor-grid\" role=\"list\">\n\t\t\t\t<article class=\"elementor-post elementor-grid-item post-2610 post type-post status-publish format-standard has-post-thumbnail hentry category-interviews category-united-states\" role=\"listitem\">\n\t\t\t<div class=\"elementor-post__card\">\n\t\t\t\t<a class=\"elementor-post__thumbnail__link\" href=\"https:\/\/leticialistening.com\/spaces-restorative-transitional-justice\/fr\/scharrer-jonathan-restorative-justice-project-at-the-university-of-wisconsin-law-school\/\" tabindex=\"-1\" ><div class=\"elementor-post__thumbnail\"><img loading=\"lazy\" decoding=\"async\" width=\"300\" height=\"172\" src=\"https:\/\/leticialistening.com\/spaces-restorative-transitional-justice\/wp-content\/uploads\/sites\/2\/2023\/04\/1.1-300x172.png\" class=\"attachment-medium size-medium wp-image-753\" alt=\"\" srcset=\"https:\/\/leticialistening.com\/spaces-restorative-transitional-justice\/wp-content\/uploads\/sites\/2\/2023\/04\/1.1-300x172.png 300w, https:\/\/leticialistening.com\/spaces-restorative-transitional-justice\/wp-content\/uploads\/sites\/2\/2023\/04\/1.1-18x10.png 18w, https:\/\/leticialistening.com\/spaces-restorative-transitional-justice\/wp-content\/uploads\/sites\/2\/2023\/04\/1.1.png 700w\" sizes=\"(max-width: 300px) 100vw, 300px\" \/><\/div><\/a>\n\t\t\t\t<div class=\"elementor-post__badge\">Entrevues<\/div>\n\t\t\t\t<div class=\"elementor-post__text\">\n\t\t\t\t<h2 class=\"elementor-post__title\">\n\t\t\t<a href=\"https:\/\/leticialistening.com\/spaces-restorative-transitional-justice\/fr\/scharrer-jonathan-restorative-justice-project-at-the-university-of-wisconsin-law-school\/\" >\n\t\t\t\tScharrer, Jonathan \u2013 projet de justice r\u00e9paratrice \u00e0 la Facult\u00e9 de Droit de l'Universit\u00e9 du Wisconsin\t\t\t<\/a>\n\t\t<\/h2>\n\t\t\n\t\t<a class=\"elementor-post__read-more\" href=\"https:\/\/leticialistening.com\/spaces-restorative-transitional-justice\/fr\/scharrer-jonathan-restorative-justice-project-at-the-university-of-wisconsin-law-school\/\" aria-label=\"En savoir plus sur Scharrer, Jonathan \u2013 Restorative Justice project at the University of Wisconsin Law School\" tabindex=\"-1\" >\n\t\t\tEn savoir plus \u00bb\t\t<\/a>\n\n\t\t\t\t<\/div>\n\t\t\t\t\t<\/div>\n\t\t<\/article>\n\t\t\t\t<article class=\"elementor-post elementor-grid-item post-2595 post type-post status-publish format-standard has-post-thumbnail hentry category-interviews category-united-states\" role=\"listitem\">\n\t\t\t<div class=\"elementor-post__card\">\n\t\t\t\t<a class=\"elementor-post__thumbnail__link\" href=\"https:\/\/leticialistening.com\/spaces-restorative-transitional-justice\/fr\/riano-quilian-architect\/\" tabindex=\"-1\" ><div class=\"elementor-post__thumbnail\"><img loading=\"lazy\" decoding=\"async\" width=\"300\" height=\"172\" src=\"https:\/\/leticialistening.com\/spaces-restorative-transitional-justice\/wp-content\/uploads\/sites\/2\/2023\/04\/1.1-300x172.png\" class=\"attachment-medium size-medium wp-image-753\" alt=\"\" srcset=\"https:\/\/leticialistening.com\/spaces-restorative-transitional-justice\/wp-content\/uploads\/sites\/2\/2023\/04\/1.1-300x172.png 300w, https:\/\/leticialistening.com\/spaces-restorative-transitional-justice\/wp-content\/uploads\/sites\/2\/2023\/04\/1.1-18x10.png 18w, https:\/\/leticialistening.com\/spaces-restorative-transitional-justice\/wp-content\/uploads\/sites\/2\/2023\/04\/1.1.png 700w\" sizes=\"(max-width: 300px) 100vw, 300px\" \/><\/div><\/a>\n\t\t\t\t<div class=\"elementor-post__badge\">Entrevues<\/div>\n\t\t\t\t<div class=\"elementor-post__text\">\n\t\t\t\t<h2 class=\"elementor-post__title\">\n\t\t\t<a href=\"https:\/\/leticialistening.com\/spaces-restorative-transitional-justice\/fr\/riano-quilian-architect\/\" >\n\t\t\t\tRiano, Quilian \u2013 Architecte\t\t\t<\/a>\n\t\t<\/h2>\n\t\t\n\t\t<a class=\"elementor-post__read-more\" href=\"https:\/\/leticialistening.com\/spaces-restorative-transitional-justice\/fr\/riano-quilian-architect\/\" aria-label=\"En savoir plus sur Riano, Quilian \u2013 Architect\" tabindex=\"-1\" >\n\t\t\tEn savoir plus \u00bb\t\t<\/a>\n\n\t\t\t\t<\/div>\n\t\t\t\t\t<\/div>\n\t\t<\/article>\n\t\t\t\t<article class=\"elementor-post elementor-grid-item post-2586 post type-post status-publish format-standard has-post-thumbnail hentry category-interviews category-united-states\" role=\"listitem\">\n\t\t\t<div class=\"elementor-post__card\">\n\t\t\t\t<a class=\"elementor-post__thumbnail__link\" href=\"https:\/\/leticialistening.com\/spaces-restorative-transitional-justice\/fr\/reckess-sarah-rivera-ashley-and-russell-leah-syracuse-peacemaking-project\/\" tabindex=\"-1\" ><div class=\"elementor-post__thumbnail\"><img loading=\"lazy\" decoding=\"async\" width=\"300\" height=\"172\" src=\"https:\/\/leticialistening.com\/spaces-restorative-transitional-justice\/wp-content\/uploads\/sites\/2\/2023\/05\/Syracuse-peacemaking-project-300x172.png\" class=\"attachment-medium size-medium wp-image-2504\" alt=\"\" srcset=\"https:\/\/leticialistening.com\/spaces-restorative-transitional-justice\/wp-content\/uploads\/sites\/2\/2023\/05\/Syracuse-peacemaking-project-300x172.png 300w, https:\/\/leticialistening.com\/spaces-restorative-transitional-justice\/wp-content\/uploads\/sites\/2\/2023\/05\/Syracuse-peacemaking-project-18x10.png 18w, https:\/\/leticialistening.com\/spaces-restorative-transitional-justice\/wp-content\/uploads\/sites\/2\/2023\/05\/Syracuse-peacemaking-project.png 700w\" sizes=\"(max-width: 300px) 100vw, 300px\" \/><\/div><\/a>\n\t\t\t\t<div class=\"elementor-post__badge\">Entrevues<\/div>\n\t\t\t\t<div class=\"elementor-post__text\">\n\t\t\t\t<h2 class=\"elementor-post__title\">\n\t\t\t<a href=\"https:\/\/leticialistening.com\/spaces-restorative-transitional-justice\/fr\/reckess-sarah-rivera-ashley-and-russell-leah-syracuse-peacemaking-project\/\" >\n\t\t\t\tReckess, Sarah; Rivera, Ashley; et Russell, Leah \u2013 Syracuse Peacemaking project\t\t\t<\/a>\n\t\t<\/h2>\n\t\t\n\t\t<a class=\"elementor-post__read-more\" href=\"https:\/\/leticialistening.com\/spaces-restorative-transitional-justice\/fr\/reckess-sarah-rivera-ashley-and-russell-leah-syracuse-peacemaking-project\/\" aria-label=\"En savoir plus sur Reckess, Sarah; Rivera, Ashley; and Russell, Leah \u2013 Syracuse Peacemaking project\" tabindex=\"-1\" >\n\t\t\tEn savoir plus \u00bb\t\t<\/a>\n\n\t\t\t\t<\/div>\n\t\t\t\t\t<\/div>\n\t\t<\/article>\n\t\t\t\t<article class=\"elementor-post elementor-grid-item post-2577 post type-post status-publish format-standard has-post-thumbnail hentry category-interviews category-united-states\" role=\"listitem\">\n\t\t\t<div class=\"elementor-post__card\">\n\t\t\t\t<a class=\"elementor-post__thumbnail__link\" href=\"https:\/\/leticialistening.com\/spaces-restorative-transitional-justice\/fr\/ohara-holy-precious-blood-ministry-of-reconciliation\/\" tabindex=\"-1\" ><div class=\"elementor-post__thumbnail\"><img loading=\"lazy\" decoding=\"async\" width=\"300\" height=\"172\" src=\"https:\/\/leticialistening.com\/spaces-restorative-transitional-justice\/wp-content\/uploads\/sites\/2\/2023\/05\/Ohara-Holly-\u2013-Precious-Blood-Ministry-of-reconciliation-300x172.png\" class=\"attachment-medium size-medium wp-image-2503\" alt=\"\" srcset=\"https:\/\/leticialistening.com\/spaces-restorative-transitional-justice\/wp-content\/uploads\/sites\/2\/2023\/05\/Ohara-Holly-\u2013-Precious-Blood-Ministry-of-reconciliation-300x172.png 300w, https:\/\/leticialistening.com\/spaces-restorative-transitional-justice\/wp-content\/uploads\/sites\/2\/2023\/05\/Ohara-Holly-\u2013-Precious-Blood-Ministry-of-reconciliation-18x10.png 18w, https:\/\/leticialistening.com\/spaces-restorative-transitional-justice\/wp-content\/uploads\/sites\/2\/2023\/05\/Ohara-Holly-\u2013-Precious-Blood-Ministry-of-reconciliation.png 700w\" sizes=\"(max-width: 300px) 100vw, 300px\" \/><\/div><\/a>\n\t\t\t\t<div class=\"elementor-post__badge\">Entrevues<\/div>\n\t\t\t\t<div class=\"elementor-post__text\">\n\t\t\t\t<h2 class=\"elementor-post__title\">\n\t\t\t<a href=\"https:\/\/leticialistening.com\/spaces-restorative-transitional-justice\/fr\/ohara-holy-precious-blood-ministry-of-reconciliation\/\" >\n\t\t\t\tO\u2019Hara, Holy \u2013 Precious Blood Ministry of Reconciliation\t\t\t<\/a>\n\t\t<\/h2>\n\t\t\n\t\t<a class=\"elementor-post__read-more\" href=\"https:\/\/leticialistening.com\/spaces-restorative-transitional-justice\/fr\/ohara-holy-precious-blood-ministry-of-reconciliation\/\" aria-label=\"En savoir plus sur O\u2019Hara, Holy \u2013 Precious Blood Ministry of Reconciliation\" tabindex=\"-1\" >\n\t\t\tEn savoir plus \u00bb\t\t<\/a>\n\n\t\t\t\t<\/div>\n\t\t\t\t\t<\/div>\n\t\t<\/article>\n\t\t\t\t<article class=\"elementor-post elementor-grid-item post-2568 post type-post status-publish format-standard has-post-thumbnail hentry category-interviews category-united-states\" role=\"listitem\">\n\t\t\t<div class=\"elementor-post__card\">\n\t\t\t\t<a class=\"elementor-post__thumbnail__link\" href=\"https:\/\/leticialistening.com\/spaces-restorative-transitional-justice\/fr\/means-tatewin-and-pelkofsky-kimberly-thunder-valley\/\" tabindex=\"-1\" ><div class=\"elementor-post__thumbnail\"><img loading=\"lazy\" decoding=\"async\" width=\"300\" height=\"172\" src=\"https:\/\/leticialistening.com\/spaces-restorative-transitional-justice\/wp-content\/uploads\/sites\/2\/2023\/05\/Means-Tatewin-and-Pelkofsky-Kimberly-\u2013-Thunder-Valley-300x172.png\" class=\"attachment-medium size-medium wp-image-2502\" alt=\"\" srcset=\"https:\/\/leticialistening.com\/spaces-restorative-transitional-justice\/wp-content\/uploads\/sites\/2\/2023\/05\/Means-Tatewin-and-Pelkofsky-Kimberly-\u2013-Thunder-Valley-300x172.png 300w, https:\/\/leticialistening.com\/spaces-restorative-transitional-justice\/wp-content\/uploads\/sites\/2\/2023\/05\/Means-Tatewin-and-Pelkofsky-Kimberly-\u2013-Thunder-Valley-18x10.png 18w, https:\/\/leticialistening.com\/spaces-restorative-transitional-justice\/wp-content\/uploads\/sites\/2\/2023\/05\/Means-Tatewin-and-Pelkofsky-Kimberly-\u2013-Thunder-Valley.png 700w\" sizes=\"(max-width: 300px) 100vw, 300px\" \/><\/div><\/a>\n\t\t\t\t<div class=\"elementor-post__badge\">Entrevues<\/div>\n\t\t\t\t<div class=\"elementor-post__text\">\n\t\t\t\t<h2 class=\"elementor-post__title\">\n\t\t\t<a href=\"https:\/\/leticialistening.com\/spaces-restorative-transitional-justice\/fr\/means-tatewin-and-pelkofsky-kimberly-thunder-valley\/\" >\n\t\t\t\tMeans, Tatewin et Pelkofsky, Kimberly \u2013 Thunder Valley\t\t\t<\/a>\n\t\t<\/h2>\n\t\t\n\t\t<a class=\"elementor-post__read-more\" href=\"https:\/\/leticialistening.com\/spaces-restorative-transitional-justice\/fr\/means-tatewin-and-pelkofsky-kimberly-thunder-valley\/\" aria-label=\"En savoir plus sur Means, Tatewin and Pelkofsky, Kimberly \u2013 Thunder Valley\" tabindex=\"-1\" >\n\t\t\tEn savoir plus \u00bb\t\t<\/a>\n\n\t\t\t\t<\/div>\n\t\t\t\t\t<\/div>\n\t\t<\/article>\n\t\t\t\t<article class=\"elementor-post elementor-grid-item post-2559 post type-post status-publish format-standard has-post-thumbnail hentry category-interviews category-united-states\" role=\"listitem\">\n\t\t\t<div class=\"elementor-post__card\">\n\t\t\t\t<a class=\"elementor-post__thumbnail__link\" href=\"https:\/\/leticialistening.com\/spaces-restorative-transitional-justice\/fr\/mattox-sarah-restorative-justice-project-maine\/\" tabindex=\"-1\" ><div class=\"elementor-post__thumbnail\"><img loading=\"lazy\" decoding=\"async\" width=\"300\" height=\"172\" src=\"https:\/\/leticialistening.com\/spaces-restorative-transitional-justice\/wp-content\/uploads\/sites\/2\/2023\/04\/1.1-300x172.png\" class=\"attachment-medium size-medium wp-image-753\" alt=\"\" srcset=\"https:\/\/leticialistening.com\/spaces-restorative-transitional-justice\/wp-content\/uploads\/sites\/2\/2023\/04\/1.1-300x172.png 300w, https:\/\/leticialistening.com\/spaces-restorative-transitional-justice\/wp-content\/uploads\/sites\/2\/2023\/04\/1.1-18x10.png 18w, https:\/\/leticialistening.com\/spaces-restorative-transitional-justice\/wp-content\/uploads\/sites\/2\/2023\/04\/1.1.png 700w\" sizes=\"(max-width: 300px) 100vw, 300px\" \/><\/div><\/a>\n\t\t\t\t<div class=\"elementor-post__badge\">Entrevues<\/div>\n\t\t\t\t<div class=\"elementor-post__text\">\n\t\t\t\t<h2 class=\"elementor-post__title\">\n\t\t\t<a href=\"https:\/\/leticialistening.com\/spaces-restorative-transitional-justice\/fr\/mattox-sarah-restorative-justice-project-maine\/\" >\n\t\t\t\tMattox, Sarah \u2013 Restorative Justice Project Maine\t\t\t<\/a>\n\t\t<\/h2>\n\t\t\n\t\t<a class=\"elementor-post__read-more\" href=\"https:\/\/leticialistening.com\/spaces-restorative-transitional-justice\/fr\/mattox-sarah-restorative-justice-project-maine\/\" aria-label=\"En savoir plus sur Mattox, Sarah \u2013 Restorative Justice Project Maine\" tabindex=\"-1\" >\n\t\t\tEn savoir plus \u00bb\t\t<\/a>\n\n\t\t\t\t<\/div>\n\t\t\t\t\t<\/div>\n\t\t<\/article>\n\t\t\t\t<\/div>\n\t\t\t\t\t<span class=\"e-load-more-spinner\">\n\t\t\t\t<svg aria-hidden=\"true\" class=\"e-font-icon-svg e-fas-spinner\" viewbox=\"0 0 512 512\" xmlns=\"http:\/\/www.w3.org\/2000\/svg\"><path d=\"M304 48c0 26.51-21.49 48-48 48s-48-21.49-48-48 21.49-48 48-48 48 21.49 48 48zm-48 368c-26.51 0-48 21.49-48 48s21.49 48 48 48 48-21.49 48-48-21.49-48-48-48zm208-208c-26.51 0-48 21.49-48 48s21.49 48 48 48 48-21.49 48-48-21.49-48-48-48zM96 256c0-26.51-21.49-48-48-48S0 229.49 0 256s21.49 48 48 48 48-21.49 48-48zm12.922 99.078c-26.51 0-48 21.49-48 48s21.49 48 48 48 48-21.49 48-48c0-26.509-21.491-48-48-48zm294.156 0c-26.51 0-48 21.49-48 48s21.49 48 48 48 48-21.49 48-48c0-26.509-21.49-48-48-48zM108.922 60.922c-26.51 0-48 21.49-48 48s21.49 48 48 48 48-21.49 48-48-21.491-48-48-48z\"><\/path><\/svg>\t\t\t<\/span>\n\t\t\n\t\t\t\t<div class=\"e-load-more-anchor\" data-page=\"1\" data-max-page=\"2\" data-next-page=\"https:\/\/leticialistening.com\/spaces-restorative-transitional-justice\/fr\/wp-json\/wp\/v2\/posts\/2437\/page\/2\/\"><\/div>\n\t\t\t\t<div class=\"e-load-more-message\"><\/div>\n\t\t\t\t\t\t<\/div>\n\t\t\t\t<\/div>\n\t\t\t\t\t<\/div>\n\t\t\t\t<\/div>\n\t\t\t\t\t<\/div>\n\t\t<\/div>\n\t\t\t\t\t\t<\/div>\n\t\t\t\t<\/div>\n\t\t\t\t<\/div>","protected":false},"excerpt":{"rendered":"","protected":false},"author":1,"featured_media":2425,"comment_status":"closed","ping_status":"closed","sticky":false,"template":"","format":"standard","meta":{"_exactmetrics_skip_tracking":false,"_exactmetrics_sitenote_active":false,"_exactmetrics_sitenote_note":"","_exactmetrics_sitenote_category":0,"footnotes":""},"categories":[17,16],"tags":[],"class_list":["post-2437","post","type-post","status-publish","format-standard","has-post-thumbnail","hentry","category-colombia","category-interviews"],"_links":{"self":[{"href":"https:\/\/leticialistening.com\/spaces-restorative-transitional-justice\/fr\/wp-json\/wp\/v2\/posts\/2437","targetHints":{"allow":["GET"]}}],"collection":[{"href":"https:\/\/leticialistening.com\/spaces-restorative-transitional-justice\/fr\/wp-json\/wp\/v2\/posts"}],"about":[{"href":"https:\/\/leticialistening.com\/spaces-restorative-transitional-justice\/fr\/wp-json\/wp\/v2\/types\/post"}],"author":[{"embeddable":true,"href":"https:\/\/leticialistening.com\/spaces-restorative-transitional-justice\/fr\/wp-json\/wp\/v2\/users\/1"}],"replies":[{"embeddable":true,"href":"https:\/\/leticialistening.com\/spaces-restorative-transitional-justice\/fr\/wp-json\/wp\/v2\/comments?post=2437"}],"version-history":[{"count":7,"href":"https:\/\/leticialistening.com\/spaces-restorative-transitional-justice\/fr\/wp-json\/wp\/v2\/posts\/2437\/revisions"}],"predecessor-version":[{"id":2445,"href":"https:\/\/leticialistening.com\/spaces-restorative-transitional-justice\/fr\/wp-json\/wp\/v2\/posts\/2437\/revisions\/2445"}],"wp:featuredmedia":[{"embeddable":true,"href":"https:\/\/leticialistening.com\/spaces-restorative-transitional-justice\/fr\/wp-json\/wp\/v2\/media\/2425"}],"wp:attachment":[{"href":"https:\/\/leticialistening.com\/spaces-restorative-transitional-justice\/fr\/wp-json\/wp\/v2\/media?parent=2437"}],"wp:term":[{"taxonomy":"category","embeddable":true,"href":"https:\/\/leticialistening.com\/spaces-restorative-transitional-justice\/fr\/wp-json\/wp\/v2\/categories?post=2437"},{"taxonomy":"post_tag","embeddable":true,"href":"https:\/\/leticialistening.com\/spaces-restorative-transitional-justice\/fr\/wp-json\/wp\/v2\/tags?post=2437"}],"curies":[{"name":"wp","href":"https:\/\/api.w.org\/{rel}","templated":true}]}}